{"id":247510,"date":"2025-07-13T16:30:10","date_gmt":"2025-07-13T16:30:10","guid":{"rendered":"https:\/\/www.europesays.com\/fr\/247510\/"},"modified":"2025-07-13T16:30:10","modified_gmt":"2025-07-13T16:30:10","slug":"tournee-du-xv-de-france-en-nouvelle-zelande-il-y-a-du-antoine-dupont-chez-cameron-roigard-lance-beauden-barrett","status":"publish","type":"post","link":"https:\/\/www.europesays.com\/fr\/247510\/","title":{"rendered":"Tourn\u00e9e du XV de France en Nouvelle-Z\u00e9lande. \u00ab\u00a0Il y a du Antoine Dupont chez Cameron Roigard\u00a0\u00bb lance Beauden Barrett"},"content":{"rendered":"<p>\n                \u00c9mu pendant les hymnes, lucide sur son carton jaune, Beauden Barrett revient sur la performance des All Blacks face aux Bleus, le bond en attaque depuis Dunedin et salue le talent de son jeune partenaire Cameron Roigard, qu\u2019il compare \u00e0 Antoine Dupont.\n            <\/p>\n<p align=\"left\" class=\"western\"><strong>Vous avez sembl\u00e9 particuli\u00e8rement \u00e9mu samedi soir, pendant les hymnes. Pour quelle raison\u00a0?<\/strong><\/p>\n<p align=\"left\" class=\"western\">Vous avez remarqu\u00e9\u00a0? (Il suspend sa phrase) Oui, c\u2019est toujours un moment \u00e9mouvant pour moi. \u00c0 34 ans, je ne sais jamais quand surviendra mon dernier match et avoir mes fr\u00e8res \u00e0 mes c\u00f4t\u00e9s dans ces moments-l\u00e0 rend cela encore plus intense. C\u2019\u00e9tait tr\u00e8s fort, oui\u2026<\/p>\n<p align=\"left\" class=\"western\"><strong>En premi\u00e8re p\u00e9riode, l\u2019arbitre, Christophe Ridley, vous a sanctionn\u00e9 d\u2019un carton jaune pour un en-avant qu\u2019il jugeait d\u00e9lib\u00e9r\u00e9. L\u2019\u00e9tait-il vraiment\u00a0?<\/strong><\/p>\n<p align=\"left\" class=\"western\">Oh non, pas du tout. Cela n\u2019avait rien d\u2019intentionnel. \u00c0 mon sens, c\u2019\u00e9tait juste une r\u00e9action. En r\u00e9alit\u00e9, je n\u2019ai m\u00eame pas eu le temps de penser \u00e0 comment j\u2019allais intercepter le ballon. Sur ce coup-l\u00e0, j\u2019\u00e9tais plut\u00f4t pr\u00eat \u00e0 faire un plaquage.<\/p>\n<p align=\"left\" class=\"western\"><strong>Samedi soir, l<\/strong><strong>\u2019attaque <\/strong><strong>n\u00e9o-z\u00e9landaise <\/strong><strong>fut plus efficiente qu\u2019\u00e0 Dunedin, une semaine plus t\u00f4t. Comment l\u2019expliquez-vous\u00a0?<\/strong><\/p>\n<p align=\"left\" class=\"western\">Dans le rugby international, les d\u00e9fenses sont de plus en plus agressives et celle de l\u2019\u00e9quipe de France ne fait \u00e9videmment pas exception. D\u00e8s lors, nous avons tent\u00e9 \u00e0 Wellington de nous inspirer du rugby \u00e0 13, o\u00f9 la ligne prend de plus en plus de profondeur pour r\u00e9aliser ses mouvements. Au Sky Stadium, cela a bien fonctionn\u00e9 et nous avons marqu\u00e9 de beaux essais\u00a0: j\u2019ai d\u2019ailleurs eu l\u2019impression que c\u2019\u00e9tait un beau match, de fa\u00e7on globale. Il faut poursuivre dans cette voie et acc\u00e9l\u00e9rer encore, lors du troisi\u00e8me test de Hamilton.<\/p>\n<p align=\"left\" class=\"western\"><strong>Est-ce que l\u2019\u00e9quipe de France s\u2019\u00e9tant pr\u00e9sent\u00e9e face \u00e0 vous la semaine derni\u00e8re, \u00e0 Dunedin, \u00e9tait meilleure que celle-ci\u00a0?<\/strong><\/p>\n<p align=\"left\" class=\"western\">Je ne sais pas. Que pensez-vous, vous\u00a0? En termes de performance, je pense que de notre c\u00f4t\u00e9, nous avons en tout cas \u00e9t\u00e9 meilleurs qu\u2019\u00e0 Dunedin. Nous avons commenc\u00e9 le match sur un bien meilleur tempo et derri\u00e8re \u00e7a, nous avons toujours r\u00e9ussi \u00e0 maintenir la pression sur nos adversaires. Au fil des matchs, nous montons en puissance et c\u2019est gratifiant. Nous restons malgr\u00e9 tout sur nos gardes car ces jeunes Fran\u00e7ais repr\u00e9sentent un vrai d\u00e9fi pour nous\u00a0: en deuxi\u00e8me p\u00e9riode, ils nous ont fait reculer.<\/p>\n<p align=\"left\" class=\"western\"><strong>La combinaison que vous formez <\/strong><strong>\u00e0 la charni\u00e8re <\/strong><strong>avec Cameron Roigard, le demi de m\u00eal\u00e9e des Hurricanes, est de plus en plus performante. Que pouvez-vous nous dire \u00e0 son sujet\u00a0?<\/strong><\/p>\n<p align=\"left\" class=\"western\">J\u2019aime la sensibilit\u00e9 et l\u2019instinct de Cameron Roigard, sur le terrain. Il est tr\u00e8s rapide et cr\u00e9atif, autour des rucks\u00a0: en ce sens, il y a du Antoine Dupont en lui. Et puis, Cameron a tr\u00e8s bien jou\u00e9 au pied, \u00e0 Wellington. Il a mis le triangle du fond fran\u00e7ais sous pression. Mais lui comme moi avons \u00e9videmment profit\u00e9 du tr\u00e8s bon travail de nos avants pour nous lib\u00e9rer de l\u2019espace et du temps.<\/p>\n","protected":false},"excerpt":{"rendered":"\u00c9mu pendant les hymnes, lucide sur son carton jaune, Beauden Barrett revient sur la performance des All Blacks&hellip;\n","protected":false},"author":2,"featured_media":247511,"comment_status":"","ping_status":"","sticky":false,"template":"","format":"standard","meta":{"footnotes":""},"categories":[1416],"tags":[1011,27,479,1468,60],"class_list":{"0":"post-247510","1":"post","2":"type-post","3":"status-publish","4":"format-standard","5":"has-post-thumbnail","7":"category-rugby","8":"tag-fr","9":"tag-france","10":"tag-rugby","11":"tag-rugby-football","12":"tag-sports"},"share_on_mastodon":{"url":"","error":""},"_links":{"self":[{"href":"https:\/\/www.europesays.com\/fr\/wp-json\/wp\/v2\/posts\/247510","targetHints":{"allow":["GET"]}}],"collection":[{"href":"https:\/\/www.europesays.com\/fr\/wp-json\/wp\/v2\/posts"}],"about":[{"href":"https:\/\/www.europesays.com\/fr\/wp-json\/wp\/v2\/types\/post"}],"author":[{"embeddable":true,"href":"https:\/\/www.europesays.com\/fr\/wp-json\/wp\/v2\/users\/2"}],"replies":[{"embeddable":true,"href":"https:\/\/www.europesays.com\/fr\/wp-json\/wp\/v2\/comments?post=247510"}],"version-history":[{"count":0,"href":"https:\/\/www.europesays.com\/fr\/wp-json\/wp\/v2\/posts\/247510\/revisions"}],"wp:featuredmedia":[{"embeddable":true,"href":"https:\/\/www.europesays.com\/fr\/wp-json\/wp\/v2\/media\/247511"}],"wp:attachment":[{"href":"https:\/\/www.europesays.com\/fr\/wp-json\/wp\/v2\/media?parent=247510"}],"wp:term":[{"taxonomy":"category","embeddable":true,"href":"https:\/\/www.europesays.com\/fr\/wp-json\/wp\/v2\/categories?post=247510"},{"taxonomy":"post_tag","embeddable":true,"href":"https:\/\/www.europesays.com\/fr\/wp-json\/wp\/v2\/tags?post=247510"}],"curies":[{"name":"wp","href":"https:\/\/api.w.org\/{rel}","templated":true}]}}