{"id":247512,"date":"2025-07-13T16:31:13","date_gmt":"2025-07-13T16:31:13","guid":{"rendered":"https:\/\/www.europesays.com\/fr\/247512\/"},"modified":"2025-07-13T16:31:13","modified_gmt":"2025-07-13T16:31:13","slug":"boisson-tete-de-serie-numero-5-avec-egalement-jacquemot-et-parry","status":"publish","type":"post","link":"https:\/\/www.europesays.com\/fr\/247512\/","title":{"rendered":"Boisson t\u00eate de s\u00e9rie num\u00e9ro 5, avec \u00e9galement Jacquemot et Parry"},"content":{"rendered":"<p>                <img decoding=\"async\" src=\"https:\/\/www.europesays.com\/fr\/wp-content\/uploads\/2025\/07\/Wb9g.jpg\" alt=\"Tableau du WTA 250 d\u2019Hambourg : Boisson t\u00eate de s\u00e9rie num\u00e9ro 5, avec \u00e9galement Jacquemot et Parry\"\/><\/p>\n<p><strong>Le tournoi WTA 250 d\u2019Hambourg, qui se tiendra du 14 au 20 juillet, a d\u00e9voil\u00e9 ce dimanche son tableau.<\/strong><\/p>\n<p>Les deux premi\u00e8res t\u00eates de s\u00e9rie sont Ekaterina Alexandrova et Dayana Yastremska. Lo\u00efs Boisson, t\u00eate de s\u00e9rie num\u00e9ro 5, affrontera au premier tour Julia Grabher.<\/p>\n<p>Elle tentera de r\u00e9enclencher une dynamique positive apr\u00e8s sa d\u00e9faite la semaine pass\u00e9e au WTA 125 de Bastad d\u00e8s le deuxi\u00e8me tour.<\/p>\n<p><strong>Elsa Jacquemot et Diane Parry sont \u00e9galement engag\u00e9es et affronteront respectivement Astra Sharma et Tara Wuerth.<\/strong><\/p>\n","protected":false},"excerpt":{"rendered":"Le tournoi WTA 250 d\u2019Hambourg, qui se tiendra du 14 au 20 juillet, a d\u00e9voil\u00e9 ce dimanche son&hellip;\n","protected":false},"author":2,"featured_media":247513,"comment_status":"","ping_status":"","sticky":false,"template":"","format":"standard","meta":{"footnotes":""},"categories":[1415],"tags":[1011,27,60,1467],"class_list":{"0":"post-247512","1":"post","2":"type-post","3":"status-publish","4":"format-standard","5":"has-post-thumbnail","7":"category-tennis","8":"tag-fr","9":"tag-france","10":"tag-sports","11":"tag-tennis"},"share_on_mastodon":{"url":"https:\/\/pubeurope.com\/@fr\/114846884371527444","error":""},"_links":{"self":[{"href":"https:\/\/www.europesays.com\/fr\/wp-json\/wp\/v2\/posts\/247512","targetHints":{"allow":["GET"]}}],"collection":[{"href":"https:\/\/www.europesays.com\/fr\/wp-json\/wp\/v2\/posts"}],"about":[{"href":"https:\/\/www.europesays.com\/fr\/wp-json\/wp\/v2\/types\/post"}],"author":[{"embeddable":true,"href":"https:\/\/www.europesays.com\/fr\/wp-json\/wp\/v2\/users\/2"}],"replies":[{"embeddable":true,"href":"https:\/\/www.europesays.com\/fr\/wp-json\/wp\/v2\/comments?post=247512"}],"version-history":[{"count":0,"href":"https:\/\/www.europesays.com\/fr\/wp-json\/wp\/v2\/posts\/247512\/revisions"}],"wp:featuredmedia":[{"embeddable":true,"href":"https:\/\/www.europesays.com\/fr\/wp-json\/wp\/v2\/media\/247513"}],"wp:attachment":[{"href":"https:\/\/www.europesays.com\/fr\/wp-json\/wp\/v2\/media?parent=247512"}],"wp:term":[{"taxonomy":"category","embeddable":true,"href":"https:\/\/www.europesays.com\/fr\/wp-json\/wp\/v2\/categories?post=247512"},{"taxonomy":"post_tag","embeddable":true,"href":"https:\/\/www.europesays.com\/fr\/wp-json\/wp\/v2\/tags?post=247512"}],"curies":[{"name":"wp","href":"https:\/\/api.w.org\/{rel}","templated":true}]}}