{"id":247514,"date":"2025-07-13T16:33:10","date_gmt":"2025-07-13T16:33:10","guid":{"rendered":"https:\/\/www.europesays.com\/fr\/247514\/"},"modified":"2025-07-13T16:33:10","modified_gmt":"2025-07-13T16:33:10","slug":"bagnaia-retrouve-un-peu-despoir-apres-son-podium-en-allemagne","status":"publish","type":"post","link":"https:\/\/www.europesays.com\/fr\/247514\/","title":{"rendered":"Bagnaia retrouve un peu d&rsquo;espoir apr\u00e8s son podium en Allemagne"},"content":{"rendered":"<p>Le retour d&rsquo;un temps sec a ramen\u00e9 un sourire sur le visage de <a href=\"https:\/\/fr.motorsport.com\/driver\/pecco-bagnaia\/109394\/\" target=\"_blank\" rel=\"noopener\">Pecco Bagnaia<\/a>. <a href=\"https:\/\/fr.motorsport.com\/motogp\/news\/bagnaia-choque-tellement-lent-pluie\/10741692\/\" target=\"_self\" rel=\"noopener\">Lui qui s&rsquo;est montr\u00e9 si n\u00e9gatif samedi<\/a>, il a retrouv\u00e9 un peu d&rsquo;entrain dimanche en remontant sur le podium au GP d&rsquo;Allemagne.<\/p>\n<p>Sa troisi\u00e8me place finale doit beaucoup aux chutes devant lui, celle de <a href=\"https:\/\/fr.motorsport.com\/driver\/pedro-acosta\/840236\/\" target=\"_blank\" rel=\"noopener\">Pedro Acosta<\/a> en tout d\u00e9but de course, puis celles de <a href=\"https:\/\/fr.motorsport.com\/driver\/marco-bezzecchi\/441839\/\" target=\"_blank\" rel=\"noopener\">Marco Bezzecchi<\/a> et <a href=\"https:\/\/fr.motorsport.com\/driver\/fabio-di-giannantonio\/289538\/\" target=\"_blank\" rel=\"noopener\">Fabio Di Giannantonio<\/a> qui figuraient dans le trio de t\u00eate avant se faire pi\u00e9ger. Cependant, le double champion du monde est tout de m\u00eame apparu plus fringant qu&rsquo;il ne l&rsquo;\u00e9tait hier pour finir \u00e0 sept secondes du vainqueur, alors qu&rsquo;il craignait d&rsquo;en prendre 40 dans la vue.<\/p>\n<p>\u00ab\u00a0Quand on part de la quatri\u00e8me ligne, on ne peut que s&rsquo;estimer satisfait de monter sur le podium. Je suis content, mais pas pleinement satisfait, car je sais que je termine toujours plus ou moins \u00e0 la troisi\u00e8me place. Je pense avoir le potentiel de faire quelque chose de plus\u00a0\u00bb, explique Pecco Bagnaia.<\/p>\n<p>\u00ab\u00a0Vendredi, j&rsquo;\u00e9tais comp\u00e9titif, je faisais de tr\u00e8s bons chronos et mon rythme \u00e9tait plut\u00f4t bon. Malheureusement, aujourd&rsquo;hui, je n&rsquo;ai pas pu reproduire le rythme de vendredi mais j&rsquo;ai vu que Marc [M\u00e1rquez] aussi \u00e9tait un peu plus lent. C&rsquo;\u00e9tait peut-\u00eatre d\u00fb aux conditions, au fait qu&rsquo;il a beaucoup plu hier et que l&rsquo;asphalte a \u00e9t\u00e9 comme nettoy\u00e9.\u00a0\u00bb<\/p>\n<p>Lire aussi :<\/p>\n<p>L&rsquo;Italien parvient quoi qu&rsquo;il en soit \u00e0 voir le positif de sa prestation\u00a0:\u00a0\u00ab\u00a0Il faut qu&rsquo;on s&rsquo;estime satisfaits. Je souhaite remercier mon \u00e9quipe, comme toujours ils essayent de donner le maximum. Et j&rsquo;esp\u00e8re qu&rsquo;\u00e0 l\u2019avenir je pourrai aussi me battre pour obtenir la deuxi\u00e8me place parce que je suis tout le temps P3\u00a0!\u00a0[rires]\u00a0\u00bb<\/p>\n<p>\u00ab\u00a0J&rsquo;ai encore essay\u00e9 de faire mieux, mais chaque fois que je me rapprochais \u00e0 cinq ou six dixi\u00e8mes, je restais bloqu\u00e9 l\u00e0. C&rsquo;est plus ou moins toujours comme \u00e7a, mais je pense n\u00e9anmoins qu&rsquo;on a fait du tr\u00e8s bon boulot lors des deux derniers Grands Prix, on a fait un pas en avant. Il faut juste qu&rsquo;on se concentre l\u00e0-dessus, qu&rsquo;on continue \u00e0 travailler comme \u00e7a, et je pense que les r\u00e9sultats vont venir.\u00a0\u00bb<\/p>\n<p><img decoding=\"async\" class=\"sizer\" draggable=\"false\" src=\"data:image\/png;base64,iVBORw0KGgoAAAANSUhEUgAAABAAAAAJCAYAAAA7KqwyAAAAGXRFWHRTb2Z0d2FyZQBBZG9iZSBJbWFnZVJlYWR5ccllPAAAABpJREFUeNpi\/P\/\/PwMlgImBQjBqwLAwACDAAOVfAw9\/ZDvcAAAAAElFTkSuQmCC\" alt=\"\" loading=\"lazy\"\/><\/p>\n<p class=\"title\">VID\u00c9O &#8211; R\u00c9SUM\u00c9 : Les meilleurs moments du GP d&rsquo;Allemagne<\/p>\n<p>Les d\u00e9passements r\u00e9alis\u00e9s par Bagnaia se sont limit\u00e9s \u00e0 la phase de d\u00e9part puis \u00e0 une man\u0153uvre r\u00e9ussie sur Zarco. Il lui a en revanche \u00e9t\u00e9 impossible de tenter quoi que ce soit sur\u00a0<a href=\"https:\/\/fr.motorsport.com\/driver\/alex-marquez\/96324\/\" target=\"_blank\" rel=\"noopener\">\u00c1lex M\u00e1rquez<\/a>, non seulement car il n&rsquo;arrivait pas \u00e0 se rapprocher suffisamment, mais aussi car l&rsquo;Espagnol a fait preuve d&rsquo;une belle solidit\u00e9 malgr\u00e9 sa r\u00e9cente blessure \u00e0 la main.<\/p>\n<p>\u00ab\u00a0\u00c1lex fait un travail fantastique, il a \u00e9t\u00e9 bless\u00e9 et \u00e7a n&rsquo;est pas facile de tenir 30 tours sur cette piste, en tournant tout le temps \u00e0 gauche. J&rsquo;ai essay\u00e9 de le forcer un peu mais je n&rsquo;\u00e9tais pas assez rapide pour me rapprocher beaucoup.\u00a0\u00bb<\/p>\n<p>\u00ab\u00a0En dehors de Marc, \u00e7a a \u00e9t\u00e9 une course tr\u00e8s intense car on \u00e9tait quatre pilotes avec le m\u00eame rythme\u00a0:\u00a0moi, Diggia, \u00c1lex et Bezz. Et \u00e0 ce moment-l\u00e0, c&rsquo;\u00e9tait assez difficile parce qu&rsquo;on attaquait tous pour se rapprocher et l&rsquo;avant n&rsquo;\u00e9tait pas tr\u00e8s stable. C&rsquo;\u00e9tait donc important de terminer troisi\u00e8me aujourd&rsquo;hui et j&rsquo;en suis plut\u00f4t content.\u00a0\u00bb<\/p>\n<p>\u00ab\u00a0Je pense qu&rsquo;il faut qu&rsquo;on fasse quelque chose de plus, si on compare avec ce que je faisais de mani\u00e8re constante l&rsquo;ann\u00e9e derni\u00e8re et le rythme que j&rsquo;avais dans les trois derniers Grands Prix. Cette saison, j&rsquo;ai sous-perform\u00e9, donc il faut qu&rsquo;on s&rsquo;am\u00e9liore et je pense qu&rsquo;on est en bonne voie pour cela\u00a0\u00bb, ajoute Bagnaia, qui veut y croire. \u00ab\u00a0Je SAIS que je vais y arriver. Il y a des courses o\u00f9 je vais pouvoir me battre et je ferai le maximum pour y arriver.\u00a0\u00bb<\/p>\n<p>Dans cet article<\/p>\n<p>Soyez le premier inform\u00e9 et souscrivez aux alertes mails pour recevoir les infos en temps r\u00e9el<\/p>\n<p>    S&rsquo;abonner aux alertes de news<\/p>\n","protected":false},"excerpt":{"rendered":"Le retour d&rsquo;un temps sec a ramen\u00e9 un sourire sur le visage de Pecco Bagnaia. Lui qui s&rsquo;est&hellip;\n","protected":false},"author":2,"featured_media":247515,"comment_status":"","ping_status":"","sticky":false,"template":"","format":"standard","meta":{"footnotes":""},"categories":[1413],"tags":[4950,1011,27,36254,1457,1456,1458,4951,36255,60],"class_list":{"0":"post-247514","1":"post","2":"type-post","3":"status-publish","4":"format-standard","5":"has-post-thumbnail","7":"category-moto","8":"tag-ducati-team","9":"tag-fr","10":"tag-france","11":"tag-gp-dallemagne","12":"tag-moto","13":"tag-motocycle","14":"tag-motogp","15":"tag-pecco-bagnaia","16":"tag-sachsenring","17":"tag-sports"},"share_on_mastodon":{"url":"https:\/\/pubeurope.com\/@fr\/114846892336886134","error":""},"_links":{"self":[{"href":"https:\/\/www.europesays.com\/fr\/wp-json\/wp\/v2\/posts\/247514","targetHints":{"allow":["GET"]}}],"collection":[{"href":"https:\/\/www.europesays.com\/fr\/wp-json\/wp\/v2\/posts"}],"about":[{"href":"https:\/\/www.europesays.com\/fr\/wp-json\/wp\/v2\/types\/post"}],"author":[{"embeddable":true,"href":"https:\/\/www.europesays.com\/fr\/wp-json\/wp\/v2\/users\/2"}],"replies":[{"embeddable":true,"href":"https:\/\/www.europesays.com\/fr\/wp-json\/wp\/v2\/comments?post=247514"}],"version-history":[{"count":0,"href":"https:\/\/www.europesays.com\/fr\/wp-json\/wp\/v2\/posts\/247514\/revisions"}],"wp:featuredmedia":[{"embeddable":true,"href":"https:\/\/www.europesays.com\/fr\/wp-json\/wp\/v2\/media\/247515"}],"wp:attachment":[{"href":"https:\/\/www.europesays.com\/fr\/wp-json\/wp\/v2\/media?parent=247514"}],"wp:term":[{"taxonomy":"category","embeddable":true,"href":"https:\/\/www.europesays.com\/fr\/wp-json\/wp\/v2\/categories?post=247514"},{"taxonomy":"post_tag","embeddable":true,"href":"https:\/\/www.europesays.com\/fr\/wp-json\/wp\/v2\/tags?post=247514"}],"curies":[{"name":"wp","href":"https:\/\/api.w.org\/{rel}","templated":true}]}}