{"id":247526,"date":"2025-07-13T16:40:11","date_gmt":"2025-07-13T16:40:11","guid":{"rendered":"https:\/\/www.europesays.com\/fr\/247526\/"},"modified":"2025-07-13T16:40:11","modified_gmt":"2025-07-13T16:40:11","slug":"cnews-au-plus-haut-la-percee-de-lci-quelles-chaines-dinformation-sont-les-grandes-gagnantes-de-la-nouvelle-numerotation-de-la-tnt","status":"publish","type":"post","link":"https:\/\/www.europesays.com\/fr\/247526\/","title":{"rendered":"CNews au plus haut, la perc\u00e9e de LCI\u00a0: quelles cha\u00eenes d\u2019information sont les grandes gagnantes de la nouvelle num\u00e9rotation de la TNT\u00a0?"},"content":{"rendered":"<p>\u00ab\u00a0Un mois, c\u2019est encore t\u00f4t pour faire un bilan, mais on est assez satisfaits des audiences de Franceinfo\u00a0\u00bb, confiait, mardi, Alexandre Kara, directeur de l\u2019information de France T\u00e9l\u00e9visions, en marge de la conf\u00e9rence de rentr\u00e9e du groupe public. Sous sa veste noire, il arborait fi\u00e8rement un tee-shirt \u00e0 message\u00a0: \u00ab\u00a0L\u2019information n\u2019est pas une opinion\u00a0\u00bb.<\/p>\n<p>Depuis <a href=\"https:\/\/www.letelegramme.fr\/culture-loisirs\/multimedia\/deux-nouvelles-chaines-et-des-changements-de-numeros-en-pagaille-grand-chambardement-a-la-tele-des-le-6-juin-6829351.php\" target=\"_blank\" rel=\"noopener\">cette r\u00e9organisation du 6 juin<\/a>, les quatre principales cha\u00eenes d\u2019information &#8211; BFM TV, CNews, LCI et Franceinfo &#8211; occupent d\u00e9sormais, respectivement, les canaux 13 \u00e0 16 de la TNT. Une nouvelle exposition ayant, m\u00e9caniquement, fait grimper leurs audiences, sauf BFMTV, l\u00e9g\u00e8rement en retrait depuis un an.<\/p>\n<p>\u00ab\u00a0On peut faire dire beaucoup de choses aux chiffres, mais ce qui est s\u00fbr, c\u2019est que davantage de Fran\u00e7ais regardent aujourd\u2019hui les cha\u00eenes d\u2019info\u00a0\u00bb, se r\u00e9jouit Alexandre Kara, dont la cha\u00eene est pass\u00e9e de 0,8\u00a0% \u00e0 1\u00a0% de part d\u2019audience. M\u00eame satisfaction du c\u00f4t\u00e9 de LCI. \u00ab\u00a0C\u2019est hyper satisfaisant pour tout le monde, explique Guillaume Debr\u00e9, directeur de la cha\u00eene. L\u2019offre d\u2019information est plus claire, plus lisible, depuis la cr\u00e9ation de ce bloc d\u2019info.\u00a0\u00bb<\/p>\n<p>\u00ab\u00a0La promesse d\u2019aller au fond des choses\u00a0\u00bb<\/p>\n<p>LCI, autrefois rel\u00e9gu\u00e9e au canal 26, a profit\u00e9 \u00e0 plein de cette reprogrammation. D\u00e9sormais sur le canal 15, la cha\u00eene a vu son audience bondir, passant de 1,8\u00a0% \u00e0 2,3\u00a0% de part d\u2019audience, en un mois. Un rebond attribu\u00e9 \u00e0 une refonte strat\u00e9gique engag\u00e9e d\u00e8s l\u2019annonce de l\u2019Arcom (Autorit\u00e9 de r\u00e9gulation de la communication audiovisuelle et num\u00e9rique), le 13 janvier, <a href=\"https:\/\/www.letelegramme.fr\/culture-loisirs\/multimedia\/tnt-la-valse-des-chaines-6764208.php\" target=\"_blank\" rel=\"noopener\">de r\u00e9organiser les positions de cha\u00eenes.<\/a> \u00ab\u00a0Une matinale plus muscl\u00e9e, un flux d\u2019info plus dense, et la promesse faite aux t\u00e9l\u00e9spectateurs d\u2019aller au fond des choses\u2026\u00a0\u00bb, d\u00e9taille Guillaume Debr\u00e9.<\/p>\n<p>Chez Franceinfo, \u00e9galement, une refonte de l\u2019antenne a \u00e9t\u00e9 mise en place depuis plusieurs mois, avec un journal d\u2019information par heure, comme demand\u00e9 par l\u2019Arcom.<\/p>\n<p>Des sommets historiques pour CNews<\/p>\n<p>Longtemps leader incontest\u00e9, BFMTV occupe d\u00e9sormais la deuxi\u00e8me place, avec 2,9\u00a0% de part d\u2019audience. La cha\u00eene, dirig\u00e9e par Fabien Namias, a perdu du terrain\u2026 et de nombreuses t\u00eates d\u2019affiche, dont Benjamin Duhamel, parti pour France Inter. Elle poursuit un mercato offensif, esp\u00e9rant redresser la barre. Derni\u00e8re recrue en date\u00a0: Julien Arnaud, qui quitte T\u00e9l\u00e9matin apr\u00e8s une courte ann\u00e9e \u00e0 la t\u00eate de la matinale de France 2.<\/p>\n<p>Mais la grande gagnante reste CNews, qui atteint des sommets historiques pour la deuxi\u00e8me saison cons\u00e9cutive, avec 3,6\u00a0% de part de march\u00e9 en juin. La cha\u00eene du groupe Canal + a gagn\u00e9 0,2 point en un mois et 0,1 point en un an, du jamais-vu depuis la cr\u00e9ation d\u2019iT\u00e9l\u00e9, en 1999. Une cons\u00e9cration pour Pascal Praud et les autres figures embl\u00e9matiques de la grille.<\/p>\n","protected":false},"excerpt":{"rendered":"\u00ab\u00a0Un mois, c\u2019est encore t\u00f4t pour faire un bilan, mais on est assez satisfaits des audiences de Franceinfo\u00a0\u00bb,&hellip;\n","protected":false},"author":2,"featured_media":247527,"comment_status":"","ping_status":"","sticky":false,"template":"","format":"standard","meta":{"footnotes":""},"categories":[1356],"tags":[11,58,59,1011,27,3754,500,252,1364],"class_list":{"0":"post-247526","1":"post","2":"type-post","3":"status-publish","4":"format-standard","5":"has-post-thumbnail","7":"category-television","8":"tag-actualites","9":"tag-divertissement","10":"tag-entertainment","11":"tag-fr","12":"tag-france","13":"tag-media","14":"tag-medias","15":"tag-television","16":"tag-tv"},"share_on_mastodon":{"url":"https:\/\/pubeurope.com\/@fr\/114846920048213453","error":""},"_links":{"self":[{"href":"https:\/\/www.europesays.com\/fr\/wp-json\/wp\/v2\/posts\/247526","targetHints":{"allow":["GET"]}}],"collection":[{"href":"https:\/\/www.europesays.com\/fr\/wp-json\/wp\/v2\/posts"}],"about":[{"href":"https:\/\/www.europesays.com\/fr\/wp-json\/wp\/v2\/types\/post"}],"author":[{"embeddable":true,"href":"https:\/\/www.europesays.com\/fr\/wp-json\/wp\/v2\/users\/2"}],"replies":[{"embeddable":true,"href":"https:\/\/www.europesays.com\/fr\/wp-json\/wp\/v2\/comments?post=247526"}],"version-history":[{"count":0,"href":"https:\/\/www.europesays.com\/fr\/wp-json\/wp\/v2\/posts\/247526\/revisions"}],"wp:featuredmedia":[{"embeddable":true,"href":"https:\/\/www.europesays.com\/fr\/wp-json\/wp\/v2\/media\/247527"}],"wp:attachment":[{"href":"https:\/\/www.europesays.com\/fr\/wp-json\/wp\/v2\/media?parent=247526"}],"wp:term":[{"taxonomy":"category","embeddable":true,"href":"https:\/\/www.europesays.com\/fr\/wp-json\/wp\/v2\/categories?post=247526"},{"taxonomy":"post_tag","embeddable":true,"href":"https:\/\/www.europesays.com\/fr\/wp-json\/wp\/v2\/tags?post=247526"}],"curies":[{"name":"wp","href":"https:\/\/api.w.org\/{rel}","templated":true}]}}