{"id":247530,"date":"2025-07-13T16:42:18","date_gmt":"2025-07-13T16:42:18","guid":{"rendered":"https:\/\/www.europesays.com\/fr\/247530\/"},"modified":"2025-07-13T16:42:18","modified_gmt":"2025-07-13T16:42:18","slug":"le-premier-film-dont-louis-de-funes-fut-le-vrai-patron","status":"publish","type":"post","link":"https:\/\/www.europesays.com\/fr\/247530\/","title":{"rendered":"le premier film dont Louis de Fun\u00e8s fut le vrai patron"},"content":{"rendered":"<p class=\"mb-4 text-lg md:leading-8 break-words\">En 1966, Louis de\u00a0Fun\u00e8s est partout et\u00a0fait rire la France enti\u00e8re. Ses films les plus r\u00e9cents,\u00a0Fant\u00f4mas, Le Corniaud, Pouic-Pouic, Oscar ou encore Le Gendarme de Saint-Tropez,\u00a0ont fait exploser le box-office. Mais, d\u00e9sormais, le com\u00e9dien veut en montrer plus. Ce qu&rsquo;il souhaite, c&rsquo;est faire son film.\u00a0Ce sera Le Grand Restaurant. Une com\u00e9die devenue culte dont il cosigne le sc\u00e9nario, fa\u00e7onne chaque gag et imagine le personnage principal, monsieur Septime, un patron de restaurant odieux mais tellement\u00a0savoureux, dans un Paris o\u00f9 l&rsquo;on juge encore un \u00e9tablissement \u00e0 la blancheur de ses nappes, \u00e0 la brillance de ses couverts et \u00e0 la qualit\u00e9 de son\u00a0service.<\/p>\n<p class=\"mb-4 text-lg md:leading-8 break-words\">L&rsquo;id\u00e9e du Grand Restaurant na\u00eet bien avant sa sortie en salle. Louis de Fun\u00e8s a dessin\u00e9 les contours du\u00a0personnage de Septime d\u00e8s 1958. Mais, \u00e0 l&rsquo;\u00e9poque, son aura est loin d&rsquo;avoir pris de l&rsquo;ampleur. Il doit encore se contenter de jouer les seconds r\u00f4les, des seconds r\u00f4les populaires, certes, mais il n&rsquo;a pas encore voix au chapitre. Il lui faudra attendre la cons\u00e9cration, dans la moiti\u00e9 des ann\u00e9es 1960, pour pouvoir imposer ses propres desiderata\u00a0au cin\u00e9ma fran\u00e7ais.<\/p>\n<p class=\"mb-4 text-lg md:leading-8 break-words\">\u00c0 LIRE AUSSI <strong class=\"strong\"><a href=\"https:\/\/www.lepoint.fr\/culture\/la-folie-des-grandeurs-le-film-avec-louis-de-funes-et-yves-montand-a-bien-failli-ne-jamais-voir-le-jour-20-04-2025-2587755_3.php\" rel=\"nofollow noopener\" target=\"_blank\" data-ylk=\"slk:\u00ab\u00a0La Folie des grandeurs\u00a0\u00bb\u00a0: le film qui a bien failli ne jamais voir le jour;elm:context_link;itc:0;sec:content-canvas\" class=\"link \">\u00ab\u00a0La Folie des grandeurs\u00a0\u00bb\u00a0: le film qui a bien failli ne jamais voir le jour<\/a><\/strong><\/p>\n<p class=\"mb-4 text-lg md:leading-8 break-words\">C&rsquo;est Jacques Besnard, assistant de Georges Lautner, qui co\u00e9crit et r\u00e9alise (pour la premi\u00e8re fois)\u00a0Le Grand Restaurant. Mais, en coulisses, personne n&rsquo;est dupe\u00a0: Louis de\u00a0Fun\u00e8s en est le vrai chef d&rsquo;orchestre.\u00a0Il a pour lui\u00a0son exp\u00e9rience \u2013 il est lui-m\u00eame anci [&#8230;] <a href=\"https:\/\/www.lepoint.fr\/pop-culture\/le-grand-restaurant-le-premier-film-dont-louis-de-funes-fut-le-vrai-patron-13-07-2025-2594259_2920.php\" rel=\"nofollow noopener\" target=\"_blank\" data-ylk=\"slk:Lire la suite;elm:context_link;itc:0;sec:content-canvas\" class=\"link \">Lire la suite<\/a><\/p>\n","protected":false},"excerpt":{"rendered":"En 1966, Louis de\u00a0Fun\u00e8s est partout et\u00a0fait rire la France enti\u00e8re. Ses films les plus r\u00e9cents,\u00a0Fant\u00f4mas, Le Corniaud,&hellip;\n","protected":false},"author":2,"featured_media":247531,"comment_status":"","ping_status":"","sticky":false,"template":"","format":"standard","meta":{"footnotes":""},"categories":[1354],"tags":[58,59,1346,1011,27,38794,38795,22175,1360,38797,38796],"class_list":{"0":"post-247530","1":"post","2":"type-post","3":"status-publish","4":"format-standard","5":"has-post-thumbnail","7":"category-films","8":"tag-divertissement","9":"tag-entertainment","10":"tag-films","11":"tag-fr","12":"tag-france","13":"tag-grand-restaurant","14":"tag-la-folie-des-grandeurs","15":"tag-louis-de-funes","16":"tag-movies","17":"tag-personnage-principal","18":"tag-septime"},"share_on_mastodon":{"url":"https:\/\/pubeurope.com\/@fr\/114846927785856297","error":""},"_links":{"self":[{"href":"https:\/\/www.europesays.com\/fr\/wp-json\/wp\/v2\/posts\/247530","targetHints":{"allow":["GET"]}}],"collection":[{"href":"https:\/\/www.europesays.com\/fr\/wp-json\/wp\/v2\/posts"}],"about":[{"href":"https:\/\/www.europesays.com\/fr\/wp-json\/wp\/v2\/types\/post"}],"author":[{"embeddable":true,"href":"https:\/\/www.europesays.com\/fr\/wp-json\/wp\/v2\/users\/2"}],"replies":[{"embeddable":true,"href":"https:\/\/www.europesays.com\/fr\/wp-json\/wp\/v2\/comments?post=247530"}],"version-history":[{"count":0,"href":"https:\/\/www.europesays.com\/fr\/wp-json\/wp\/v2\/posts\/247530\/revisions"}],"wp:featuredmedia":[{"embeddable":true,"href":"https:\/\/www.europesays.com\/fr\/wp-json\/wp\/v2\/media\/247531"}],"wp:attachment":[{"href":"https:\/\/www.europesays.com\/fr\/wp-json\/wp\/v2\/media?parent=247530"}],"wp:term":[{"taxonomy":"category","embeddable":true,"href":"https:\/\/www.europesays.com\/fr\/wp-json\/wp\/v2\/categories?post=247530"},{"taxonomy":"post_tag","embeddable":true,"href":"https:\/\/www.europesays.com\/fr\/wp-json\/wp\/v2\/tags?post=247530"}],"curies":[{"name":"wp","href":"https:\/\/api.w.org\/{rel}","templated":true}]}}