{"id":247532,"date":"2025-07-13T16:43:09","date_gmt":"2025-07-13T16:43:09","guid":{"rendered":"https:\/\/www.europesays.com\/fr\/247532\/"},"modified":"2025-07-13T16:43:09","modified_gmt":"2025-07-13T16:43:09","slug":"lansm-alerte-sur-ces-medicaments-pris-par-des-millions-de-francais-qui-peuvent-devenir-dangereux-les-voici","status":"publish","type":"post","link":"https:\/\/www.europesays.com\/fr\/247532\/","title":{"rendered":"l\u2019ANSM alerte sur ces m\u00e9dicaments pris par des millions de Fran\u00e7ais qui peuvent devenir dangereux, les voici"},"content":{"rendered":"<p>En p\u00e9riode estivale, la chaleur n\u2019est pas sans danger pour les personnes sous traitement. Certains m\u00e9dicaments peuvent perturber la r\u00e9gulation thermique du corps ou aggraver les effets de la chaleur. L\u2019ANSM alerte les patients sur les pr\u00e9cautions essentielles \u00e0 adopter pour \u00e9viter les risques li\u00e9s \u00e0 la prise de m\u00e9dicaments sous fortes temp\u00e9ratures.<\/p>\n<p>Avec la hausse des temp\u00e9ratures, l\u2019<strong>autom\u00e9dication<\/strong> peut devenir risqu\u00e9e. Certains <strong>m\u00e9dicaments<\/strong> courants pris sans pr\u00e9caution pendant une canicule peuvent provoquer des effets graves : <a href=\"https:\/\/www.pleinevie.fr\/sante\/canicule-quelle-quantite-deau-faut-il-boire-pour-eviter-les-risques-de-deshydratation-163140.html\" target=\"_blank\" rel=\"noopener nofollow\">d\u00e9shydratation<\/a>, coup de chaleur, hyperthermie\u2026 L\u2019Agence nationale de s\u00e9curit\u00e9 du m\u00e9dicament appelle \u00e0 la vigilance. M\u00eame les traitements les plus habituels peuvent perturber la r\u00e9gulation thermique du corps. Pour \u00e9viter les complications, il est crucial de consulter un professionnel de sant\u00e9 avant toute prise de m\u00e9dicament durant les \u00e9pisodes de chaleur intense. D\u00e9couvrez les produits concern\u00e9s et les r\u00e9flexes \u00e0 adopter.<\/p>\n<p> \t\t\t  M\u00e9dicaments et chaleur : une combinaison \u00e0 risque   Des traitements qui perturbent la r\u00e9gulation thermique  <\/p>\n<p>Certains <a href=\"https:\/\/www.pleinevie.fr\/sante\/canicule-attention-a-ces-medicaments-qui-favorisent-les-risques-de-deshydratation-surtout-si-vous-avez-plus-de-60-ans-163962.html\" target=\"_blank\" rel=\"noopener nofollow\">m\u00e9dicaments<\/a> peuvent emp\u00eacher le corps de bien se refroidir. C\u2019est le cas des antid\u00e9presseurs, neuroleptiques, anxiolytiques ou opio\u00efdes. Ils interf\u00e8rent avec les m\u00e9canismes c\u00e9r\u00e9braux qui r\u00e9gulent la <strong>temp\u00e9rature corporelle<\/strong>, et exposent \u00e0 un risque accru d\u2019hyperthermie. M\u00eame \u00e0 doses normales, ces traitements peuvent aggraver les effets d\u2019un coup de chaleur. Chez les personnes \u00e2g\u00e9es ou fragiles, ce d\u00e9r\u00e8glement peut entra\u00eener des troubles graves, allant jusqu\u2019\u00e0 la perte de conscience. Un suivi m\u00e9dical est imp\u00e9ratif durant les p\u00e9riodes de canicule.<\/p>\n<p>    Quand les m\u00e9dicaments r\u00e9duisent la transpiration  <\/p>\n<p>La <strong>transpiration<\/strong> est un outil essentiel pour \u00e9vacuer la chaleur. Or, certains traitements, comme les b\u00eata-bloquants, vasoconstricteurs ou diur\u00e9tiques, peuvent <strong>freiner ce processus naturel<\/strong>. R\u00e9sultat : la chaleur s\u2019accumule dans le corps, augmentant le risque de coup de chaleur. Ces m\u00e9dicaments sont tr\u00e8s r\u00e9pandus, notamment chez les personnes souffrant de troubles cardiaques ou d\u2019hypertension. Il est donc recommand\u00e9 d\u2019en parler \u00e0 son m\u00e9decin pour ajuster, si n\u00e9cessaire, la posologie ou envisager des alternatives temporaires durant les p\u00e9riodes de fortes chaleurs.<\/p>\n<p>  Des risques accrus pour les reins  <\/p>\n<p>Sous canicule, les <strong>reins<\/strong> sont particuli\u00e8rement sollicit\u00e9s. Certains produits comme les anti-inflammatoires, l\u2019aspirine, certains antibiotiques ou antihypertenseurs peuvent aggraver les choses. Ils augmentent le risque d\u2019<strong>insuffisance r\u00e9nale<\/strong> aigu\u00eb, surtout en cas de d\u00e9shydratation. Le manque d\u2019eau combin\u00e9 \u00e0 la toxicit\u00e9 de certains traitements peut devenir dangereux rapidement et le <a href=\"https:\/\/www.pleinevie.fr\/sante\/canicule-un-cardiologue-alerte-sur-ces-3-boissons-a-eviter-pour-proteger-votre-coeur-163942.html\" target=\"_blank\" rel=\"noopener nofollow\">c\u0153ur<\/a> n\u2019est pas \u00e9pargn\u00e9. Les patients atteints de pathologies chroniques doivent \u00eatre particuli\u00e8rement attentifs. En cas de doute, il faut consulter rapidement son m\u00e9decin pour \u00e9valuer la n\u00e9cessit\u00e9 de suspendre temporairement certains m\u00e9dicaments.<\/p>\n<p>     Bons r\u00e9flexes \u00e0 adopter en p\u00e9riode de canicule   \u00c9viter absolument l\u2019autom\u00e9dication  <\/p>\n<p>L\u2019<strong>autom\u00e9dication<\/strong> est formellement d\u00e9conseill\u00e9e pendant une vague de chaleur. M\u00eame des m\u00e9dicaments jug\u00e9s b\u00e9nins, comme le parac\u00e9tamol ou l\u2019ibuprof\u00e8ne, peuvent <strong>masquer les signes d\u2019alerte<\/strong> ou aggraver un coup de chaleur. L\u2019ANSM rappelle qu\u2019aucune prise de m\u00e9dicament ne doit se faire sans avis m\u00e9dical en p\u00e9riode de canicule. La priorit\u00e9 est de maintenir l\u2019hydratation, de se mettre au frais et de consulter si des sympt\u00f4mes inhabituels apparaissent. Prendre un m\u00e9dicament sans diagnostic peut conduire \u00e0 des erreurs graves, voire irr\u00e9versibles.<\/p>\n<p>  Vigilance sur les effets secondaires m\u00e9connus  <\/p>\n<p>Certains m\u00e9dicaments peuvent provoquer une <strong>photosensibilit\u00e9<\/strong>, c\u2019est-\u00e0-dire une r\u00e9action anormale de la peau lors d\u2019une exposition au soleil, pr\u00e9cise <a href=\"https:\/\/www.linternaute.com\/sante\/medicaments\/8179955-ces-medicaments-augmentent-les-risques-lies-a-la-chaleur\/\" target=\"_blank\" rel=\"noopener nofollow\">linternaute<\/a>. Les statines, traitements contre l\u2019acn\u00e9, certains <strong>antibiotiques<\/strong> ou anti-allergiques, sont concern\u00e9s. Ces r\u00e9actions peuvent aller de simples rougeurs \u00e0 des br\u00fblures s\u00e9v\u00e8res. Il est donc indispensable de lire les notices et de limiter l\u2019exposition solaire lorsqu\u2019on prend ces traitements. Porter des v\u00eatements couvrants et utiliser une protection solaire \u00e9lev\u00e9e est aussi recommand\u00e9. En cas de doute, demandez conseil \u00e0 votre pharmacien.<\/p>\n<p>     Adapter son traitement avec l\u2019aide d\u2019un professionnel  <\/p>\n<p>Il ne faut jamais arr\u00eater un traitement sans avis m\u00e9dical. En cas de forte chaleur, un m\u00e9decin peut adapter la posologie ou envisager une <strong>suspension temporaire<\/strong> du m\u00e9dicament. Les personnes \u00e2g\u00e9es, polym\u00e9diqu\u00e9es ou souffrant de maladies chroniques doivent absolument en parler \u00e0 leur g\u00e9n\u00e9raliste. Certaines substances, comme les somnif\u00e8res ou les anxiolytiques, peuvent induire de la somnolence ou de la confusion, augmentant le risque d\u2019oubli de boire. Une <strong>vigilance renforc\u00e9e<\/strong> est alors n\u00e9cessaire. La pr\u00e9vention reste la meilleure arme contre les accidents li\u00e9s \u00e0 la chaleur.<\/p>\n","protected":false},"excerpt":{"rendered":"En p\u00e9riode estivale, la chaleur n\u2019est pas sans danger pour les personnes sous traitement. Certains m\u00e9dicaments peuvent perturber&hellip;\n","protected":false},"author":2,"featured_media":247533,"comment_status":"","ping_status":"","sticky":false,"template":"","format":"standard","meta":{"footnotes":""},"categories":[10],"tags":[1102,10281,1011,27,72,71],"class_list":{"0":"post-247532","1":"post","2":"type-post","3":"status-publish","4":"format-standard","5":"has-post-thumbnail","7":"category-sante","8":"tag-breakingnews","9":"tag-buzz-nonli","10":"tag-fr","11":"tag-france","12":"tag-health","13":"tag-sante"},"share_on_mastodon":{"url":"https:\/\/pubeurope.com\/@fr\/114846931554345618","error":""},"_links":{"self":[{"href":"https:\/\/www.europesays.com\/fr\/wp-json\/wp\/v2\/posts\/247532","targetHints":{"allow":["GET"]}}],"collection":[{"href":"https:\/\/www.europesays.com\/fr\/wp-json\/wp\/v2\/posts"}],"about":[{"href":"https:\/\/www.europesays.com\/fr\/wp-json\/wp\/v2\/types\/post"}],"author":[{"embeddable":true,"href":"https:\/\/www.europesays.com\/fr\/wp-json\/wp\/v2\/users\/2"}],"replies":[{"embeddable":true,"href":"https:\/\/www.europesays.com\/fr\/wp-json\/wp\/v2\/comments?post=247532"}],"version-history":[{"count":0,"href":"https:\/\/www.europesays.com\/fr\/wp-json\/wp\/v2\/posts\/247532\/revisions"}],"wp:featuredmedia":[{"embeddable":true,"href":"https:\/\/www.europesays.com\/fr\/wp-json\/wp\/v2\/media\/247533"}],"wp:attachment":[{"href":"https:\/\/www.europesays.com\/fr\/wp-json\/wp\/v2\/media?parent=247532"}],"wp:term":[{"taxonomy":"category","embeddable":true,"href":"https:\/\/www.europesays.com\/fr\/wp-json\/wp\/v2\/categories?post=247532"},{"taxonomy":"post_tag","embeddable":true,"href":"https:\/\/www.europesays.com\/fr\/wp-json\/wp\/v2\/tags?post=247532"}],"curies":[{"name":"wp","href":"https:\/\/api.w.org\/{rel}","templated":true}]}}