{"id":247538,"date":"2025-07-13T16:46:11","date_gmt":"2025-07-13T16:46:11","guid":{"rendered":"https:\/\/www.europesays.com\/fr\/247538\/"},"modified":"2025-07-13T16:46:11","modified_gmt":"2025-07-13T16:46:11","slug":"les-secrets-insondables-des-trous-noirs-enfin-devoiles-cette-decouverte-americaine-bouleverse-notre-vision-de-lunivers-et-defie-la-science-moderne","status":"publish","type":"post","link":"https:\/\/www.europesays.com\/fr\/247538\/","title":{"rendered":"Les secrets insondables des trous noirs enfin d\u00e9voil\u00e9s : cette d\u00e9couverte am\u00e9ricaine bouleverse notre vision de l\u2019univers et d\u00e9fie la science moderne"},"content":{"rendered":"<tr>\n<td><strong>EN BREF<\/strong><\/td>\n<\/tr>\n<tr>\n<td>\n<ul>\n<li>\ud83c\udf0c De myst\u00e9rieux <strong>signaux radio<\/strong> \u00e9mis des ann\u00e9es apr\u00e8s une rupture stellaire \u00e9branlent les mod\u00e8les astronomiques existants.<\/li>\n<li>Les observations r\u00e9v\u00e8lent que certains <strong>trous noirs<\/strong> r\u00e9activent leur activit\u00e9 bien apr\u00e8s leur suppos\u00e9e extinction.<\/li>\n<li>Les th\u00e9ories actuelles sont mises \u00e0 l\u2019\u00e9preuve, n\u00e9cessitant une r\u00e9\u00e9valuation des <strong>processus entourant les trous noirs<\/strong>.<\/li>\n<li>De nouvelles infrastructures comme le t\u00e9lescope <strong>Vera C. Rubin<\/strong> promettent d\u2019\u00e9largir notre compr\u00e9hension du cosmos.<\/li>\n<\/ul>\n<\/td>\n<\/tr>\n<p>Les r\u00e9cents d\u00e9veloppements en astronomie ont r\u00e9v\u00e9l\u00e9 des ph\u00e9nom\u00e8nes inattendus autour des trous noirs, remettant en question notre compr\u00e9hension traditionnelle de ces objets c\u00e9lestes myst\u00e9rieux. Des \u00e9missions radio d\u00e9tect\u00e9es bien apr\u00e8s la disparition d\u2019une \u00e9toile viennent perturber les sc\u00e9narios \u00e9tablis, ouvrant ainsi une nouvelle fen\u00eatre d\u2019observation sur des zones jadis jug\u00e9es muettes. Ces d\u00e9couvertes soulignent l\u2019importance de revisiter nos mod\u00e8les actuels et de rester ouverts \u00e0 l\u2019inattendu dans l\u2019exploration de l\u2019univers.<\/p>\n<p>Le festin stellaire qui pr\u00e9c\u00e8de l\u2019explosion silencieuse<\/p>\n<p>Lorsqu\u2019une \u00e9toile s\u2019approche d\u2019un trou noir, elle subit un processus spectaculaire connu sous le nom d\u2019\u00ab \u00e9v\u00e8nement de rupture par effet de mar\u00e9e \u00bb. Sous l\u2019effet de l\u2019\u00e9norme force gravitationnelle, l\u2019\u00e9toile est \u00e9tir\u00e9e et disloqu\u00e9e, projetant une partie de sa mati\u00e8re dans l\u2019espace, tandis que le reste forme un disque d\u2019accr\u00e9tion incandescent autour du trou noir. Ce disque devient alors le th\u00e9\u00e2tre d\u2019une intense activit\u00e9 de particules et de lumi\u00e8re.<\/p>\n<p>Jusqu\u2019\u00e0 r\u00e9cemment, les scientifiques pensaient que cette activit\u00e9 \u00e9tait de courte dur\u00e9e, s\u2019\u00e9teignant d\u00e9finitivement apr\u00e8s quelques mois. Ce sc\u00e9nario, accept\u00e9 depuis les premi\u00e8res observations dans les ann\u00e9es 1990, est aujourd\u2019hui remis en question. Selon l\u2019astronome Yvette Cendes, ces \u00e9ruptions \u00e9taient consid\u00e9r\u00e9es comme des ph\u00e9nom\u00e8nes transitoires. Cependant, la d\u00e9couverte r\u00e9cente de signaux radio \u00e9mis plusieurs ann\u00e9es apr\u00e8s l\u2019\u00e9v\u00e8nement modifie radicalement cette perception.<\/p>\n<blockquote class=\"wp-embedded-content\" data-secret=\"zdMoREv0i9\">\n<p><a href=\"https:\/\/www.innovant.fr\/2025\/07\/05\/une-barriere-cosmique-inimaginable-des-astronomes-decouvrent-une-muraille-gigantesque-vieille-de-10-milliards-dannees-lumiere\/\" rel=\"nofollow noopener\" target=\"_blank\">\u00ab Une barri\u00e8re cosmique inimaginable \u00bb : des astronomes d\u00e9couvrent une muraille gigantesque vieille de 10 milliards d\u2019ann\u00e9es-lumi\u00e8re<\/a><\/p>\n<\/blockquote>\n<p>Quand l\u2019activit\u00e9 des trous noirs d\u00e9fie toutes les pr\u00e9dictions<\/p>\n<p>Les nouvelles observations d\u2019\u00e9missions radio retard\u00e9es ont surpris la communaut\u00e9 scientifique. Des trous noirs, jug\u00e9s inactifs apr\u00e8s avoir d\u00e9vor\u00e9 une \u00e9toile, se sont soudainement r\u00e9veill\u00e9s, \u00e9mettant des ondes radio des ann\u00e9es apr\u00e8s l\u2019\u00e9v\u00e8nement initial. Ces r\u00e9activations, qualifi\u00e9es de \u00ab rots cosmiques \u00bb par Christopher Impey, sugg\u00e8rent que la mati\u00e8re r\u00e9siduelle persiste plus longtemps que pr\u00e9vu avant d\u2019\u00eatre \u00e9ject\u00e9e.<\/p>\n<p>Un exemple frappant est celui de l\u2019objet AT2018hyz. Initialement observ\u00e9 en 2018, il semblait s\u2019\u00eatre \u00e9teint. Pourtant, trois ans plus tard, un puissant signal radio a \u00e9t\u00e9 d\u00e9tect\u00e9 par le r\u00e9seau de radiot\u00e9lescopes Very Large Array. Cette d\u00e9couverte a incit\u00e9 les astronomes \u00e0 r\u00e9examiner d\u2019anciennes donn\u00e9es, r\u00e9v\u00e9lant plusieurs autres trous noirs pr\u00e9sentant une activit\u00e9 similaire bien apr\u00e8s leur suppos\u00e9e extinction.<\/p>\n<blockquote class=\"wp-embedded-content\" data-secret=\"kNoV2ZEeZC\">\n<p><a href=\"https:\/\/www.innovant.fr\/2025\/07\/03\/cette-decouverte-change-notre-vision-de-lunivers-la-matiere-disparue-etait-tapie-dans-une-structure-cosmique-insoupconnee\/\" rel=\"nofollow noopener\" target=\"_blank\">Cette d\u00e9couverte change notre vision de l\u2019univers : la mati\u00e8re disparue \u00e9tait tapie dans une structure cosmique insoup\u00e7onn\u00e9e<\/a><\/p>\n<\/blockquote>\n<p>Vers une nouvelle \u00e8re d\u2019observation astronomique<\/p>\n<p>Ces ph\u00e9nom\u00e8nes inattendus incitent \u00e0 repenser les mod\u00e8les actuels des trous noirs. Les hypoth\u00e8ses incluent une \u00e9volution plus lente du disque d\u2019accr\u00e9tion, des ondes de choc internes tardives ou des variations du champ magn\u00e9tique. Cependant, aucune explication d\u00e9finitive n\u2019a encore \u00e9t\u00e9 trouv\u00e9e.<\/p>\n<p>Pour approfondir cette recherche, les astronomes comptent sur de nouvelles infrastructures, comme le t\u00e9lescope Vera C. Rubin, qui pourrait d\u00e9couvrir jusqu\u2019\u00e0 un millier de nouveaux cas chaque ann\u00e9e. Ces donn\u00e9es permettront de tester \u00e0 grande \u00e9chelle les th\u00e9ories \u00e9mergentes sur l\u2019activit\u00e9 prolong\u00e9e des trous noirs. Bien que les trous noirs eux-m\u00eames ne laissent rien s\u2019\u00e9chapper, les \u00e9v\u00e9nements environnants restent observables, offrant une fen\u00eatre unique sur les m\u00e9canismes extr\u00eames de l\u2019univers.<\/p>\n<blockquote class=\"wp-embedded-content\" data-secret=\"KTOk9mXbsV\">\n<p><a href=\"https:\/\/www.innovant.fr\/2025\/03\/13\/10-000-influenceurs-boostent-leur-notoriete-avec-cette-methode-acheter-des-fans-com-simpose-pour-exploser-sur-les-reseaux-sociaux\/\" rel=\"nofollow noopener\" target=\"_blank\">\u00ab\u00a010 000 influenceurs boostent leur notori\u00e9t\u00e9 avec cette m\u00e9thode\u00a0\u00bb : Acheter-des-Fans.com s\u2019impose pour exploser sur les r\u00e9seaux sociaux<\/a><\/p>\n<\/blockquote>\n<p>Implications pour la compr\u00e9hension des trous noirs<\/p>\n<p>La d\u00e9couverte de ces \u00e9missions radio tardives a des implications profondes pour l\u2019astrophysique. Elle remet en question l\u2019id\u00e9e que les trous noirs deviennent inactifs apr\u00e8s avoir absorb\u00e9 une \u00e9toile. Cette activit\u00e9 prolong\u00e9e implique qu\u2019il pourrait y avoir des processus inconnus influen\u00e7ant le comportement de la mati\u00e8re proche des trous noirs, ce qui n\u00e9cessite une r\u00e9\u00e9valuation des mod\u00e8les th\u00e9oriques.<\/p>\n<p>Ces observations pourraient \u00e9galement avoir un impact sur notre compr\u00e9hension des galaxies et de l\u2019\u00e9volution cosmique. En effet, les trous noirs jouent un r\u00f4le crucial dans la dynamique des galaxies. Ainsi, comprendre leur comportement \u00e0 long terme est essentiel pour d\u00e9chiffrer l\u2019histoire de l\u2019univers. <strong>Les astronomes doivent d\u00e9sormais int\u00e9grer ces nouvelles donn\u00e9es dans leurs mod\u00e8les pour mieux comprendre le r\u00f4le des trous noirs dans le cosmos<\/strong>.<\/p>\n<p>Alors que nous continuons \u00e0 explorer les myst\u00e8res de l\u2019univers, ces d\u00e9couvertes nous rappellent l\u2019importance de rester ouverts \u00e0 l\u2019inattendu. Les ph\u00e9nom\u00e8nes r\u00e9cents autour des trous noirs remettent en question notre compr\u00e9hension et nous poussent \u00e0 rechercher de nouvelles explications. Quelle nouvelle surprise l\u2019univers nous r\u00e9serve-t-il dans sa qu\u00eate \u00e9ternelle de d\u00e9voiler ses secrets ?<\/p>\n<p>L\u2019auteur s\u2019est appuy\u00e9 sur l\u2019intelligence artificielle pour enrichir cet article.<\/p>\n<p id=\"rating\">\u00c7a vous a plu ?\u00a04.3\/5 (23)<\/p>\n","protected":false},"excerpt":{"rendered":"EN BREF \ud83c\udf0c De myst\u00e9rieux signaux radio \u00e9mis des ann\u00e9es apr\u00e8s une rupture stellaire \u00e9branlent les mod\u00e8les astronomiques&hellip;\n","protected":false},"author":2,"featured_media":247539,"comment_status":"","ping_status":"","sticky":false,"template":"","format":"standard","meta":{"footnotes":""},"categories":[7],"tags":[1011,27,43,40,41,39,42,44],"class_list":{"0":"post-247538","1":"post","2":"type-post","3":"status-publish","4":"format-standard","5":"has-post-thumbnail","7":"category-sciences-et-technologies","8":"tag-fr","9":"tag-france","10":"tag-science","11":"tag-science-and-technology","12":"tag-sciences","13":"tag-sciences-et-technologies","14":"tag-technologies","15":"tag-technology"},"share_on_mastodon":{"url":"https:\/\/pubeurope.com\/@fr\/114846943345243390","error":""},"_links":{"self":[{"href":"https:\/\/www.europesays.com\/fr\/wp-json\/wp\/v2\/posts\/247538","targetHints":{"allow":["GET"]}}],"collection":[{"href":"https:\/\/www.europesays.com\/fr\/wp-json\/wp\/v2\/posts"}],"about":[{"href":"https:\/\/www.europesays.com\/fr\/wp-json\/wp\/v2\/types\/post"}],"author":[{"embeddable":true,"href":"https:\/\/www.europesays.com\/fr\/wp-json\/wp\/v2\/users\/2"}],"replies":[{"embeddable":true,"href":"https:\/\/www.europesays.com\/fr\/wp-json\/wp\/v2\/comments?post=247538"}],"version-history":[{"count":0,"href":"https:\/\/www.europesays.com\/fr\/wp-json\/wp\/v2\/posts\/247538\/revisions"}],"wp:featuredmedia":[{"embeddable":true,"href":"https:\/\/www.europesays.com\/fr\/wp-json\/wp\/v2\/media\/247539"}],"wp:attachment":[{"href":"https:\/\/www.europesays.com\/fr\/wp-json\/wp\/v2\/media?parent=247538"}],"wp:term":[{"taxonomy":"category","embeddable":true,"href":"https:\/\/www.europesays.com\/fr\/wp-json\/wp\/v2\/categories?post=247538"},{"taxonomy":"post_tag","embeddable":true,"href":"https:\/\/www.europesays.com\/fr\/wp-json\/wp\/v2\/tags?post=247538"}],"curies":[{"name":"wp","href":"https:\/\/api.w.org\/{rel}","templated":true}]}}