{"id":24755,"date":"2025-04-14T17:11:10","date_gmt":"2025-04-14T17:11:10","guid":{"rendered":"https:\/\/www.europesays.com\/fr\/24755\/"},"modified":"2025-04-14T17:11:10","modified_gmt":"2025-04-14T17:11:10","slug":"les-pistes-de-la-cour-des-comptes-pour-economiser-20-milliards-deuros","status":"publish","type":"post","link":"https:\/\/www.europesays.com\/fr\/24755\/","title":{"rendered":"les pistes de la Cour des comptes pour \u00e9conomiser 20 milliards d\u2019euros"},"content":{"rendered":"<p>La Cour \u00e9met plusieurs propositions pour \u00e9conomiser entre 19,4 et 21,4 milliards d\u2019euros d\u2019ici \u00e0 2029 et ainsi \u00abcommencer \u00e0 engager un retour vers l\u2019\u00e9quilibre\u00bb des trois branches de la s\u00e9curit\u00e9 sociale qui financent l\u2019Assurance-maladie.<\/p>\n<p class=\"fig-paragraph\">La s\u00e9curit\u00e9 sociale, cr\u00e9\u00e9e par le Conseil national de la R\u00e9sistance pour garantir \u00e0 tous les Fran\u00e7ais des moyens de subsistance et financer la solidarit\u00e9 nationale par le travail, f\u00eatera ses 80 ans cette ann\u00e9e. Marqueur fort du syst\u00e8me fran\u00e7ais, la \u00abS\u00e9cu\u00bb subit toutefois une crise multifactorielle depuis plusieurs ann\u00e9es, notamment \u00e0 cause d\u2019une hausse des co\u00fbts li\u00e9e au vieillissement de la population et \u00e0 des all\u00e9gements de cotisations, ce qui remet en cause la viabilit\u00e9 de son mode actuel de financement. En 2024, le d\u00e9ficit annuel de la s\u00e9curit\u00e9 sociale s\u2019\u00e9l\u00e8ve \u00e0 plus de 15 milliards d\u2019euros. Dans un rapport rendu public ce lundi, la Cour des comptes pr\u00e9sente plusieurs pistes pour ma\u00eetriser la progression de\u00a0<a href=\"http:\/\/www.lefigaro.fr\/conjoncture\/l-ondam-ce-mecanisme-qui-a-permis-de-limiter-la-hausse-des-depenses-de-sante-en-france-20250303\" data-fig-type=\"Article\" data-gtm-custom-categorie=\"navigation\" data-gtm-custom-action=\"crossclick\" data-gtm-custom-label=\"Contextuel\" data-gtm-event=\"customEventSPE\" data-fig-domain=\"LEFIGARO\" target=\"_blank\" rel=\"noopener\">l\u2019Objectif national de d\u00e9penses d\u2019assurance-maladie (Ondam)<\/a>, afin d\u2019assurer \u00e0 la fois \u00abla qualit\u00e9 et la s\u00e9curit\u00e9 des soins\u00bb et \u00abla p\u00e9rennit\u00e9 financi\u00e8re de notre syst\u00e8me de soins\u00bb.<\/p>\n<p class=\"fig-paragraph\">L\u2019Ondam, vot\u00e9 chaque ann\u00e9e depuis 1997 dans le cadre\u00a0<a href=\"http:\/\/www.lefigaro.fr\/conjoncture\/ce-que-contient-la-version-finale-du-budget-de-la-secu-en-passe-d-etre-adopte-20250212\" data-fig-type=\"NewsFlash\" data-gtm-custom-categorie=\"navigation\" data-gtm-custom-action=\"crossclick\" data-gtm-custom-label=\"Contextuel\" data-gtm-event=\"customEventSPE\" data-fig-domain=\"LEFIGARO\" target=\"_blank\" rel=\"noopener\">des lois de financement de la s\u00e9curit\u00e9 sociale<\/a>, a\u2026<\/p>\n<p class=\"fig-premium-paywall__infos\">\n        Cet article est r\u00e9serv\u00e9 aux abonn\u00e9s.        Il vous reste 72% \u00e0 d\u00e9couvrir.\n    <\/p>\n<p>                <img  data- alt=\"Le Figaro\" class=\"fig-img--complete fig-img\"\/><\/p>\n<p class=\"fig-premium-paywall__title\">Vous avez envie de lire la suite ?<\/p>\n<p class=\"fig-premium-paywall__subtitle\">D\u00e9bloquez tous les articles imm\u00e9diatement.<\/p>\n<p class=\"fig-premium-paywall__connect\">\n                D\u00e9j\u00e0 abonn\u00e9\u00a0?                <a class=\"fig-premium-paywall__connect-link\" href=\"https:\/\/connect.lefigaro.fr\/login?client=horizon_web&amp;type=main&amp;redirect_uri=https%3A%2F%2Fwww.lefigaro.fr%2Fconjoncture%2Fles-pistes-de-la-cour-des-comptes-pour-reduire-le-trou-de-la-secu-20250414\" data-js-gtm=\"{&quot;customCategorie&quot;: &quot;conversion&quot;, &quot;customAction&quot;: &quot;before_Landing_Connexion_paywall_auto&quot;, &quot;customLabel&quot;: &quot;bGVmaWdhcm8uZnJfXzFmMDE2ZWJlLThkNGItNjc1MC04MGM5LWQ1ZTk5Zjg2MTE0Yl9fTmV3c0ZsYXNo_Trou de la S\u00e9cu\u00a0: les pistes de la Cour des comptes pour \u00e9conomiser 20 milliards d\u2019euros_101&quot;, &quot;customIDSPE&quot;: &quot;bGVmaWdhcm8uZnJfXzFmMDE2ZWJlLThkNGItNjc1MC04MGM5LWQ1ZTk5Zjg2MTE0Yl9fTmV3c0ZsYXNo&quot;, &quot;event&quot;: &quot;customEventSPE&quot;}\" target=\"_blank\" rel=\"noopener\"><br \/>\n                    Connectez-vous<br \/>\n                <\/a>\n            <\/p>\n","protected":false},"excerpt":{"rendered":"La Cour \u00e9met plusieurs propositions pour \u00e9conomiser entre 19,4 et 21,4 milliards d\u2019euros d\u2019ici \u00e0 2029 et ainsi&hellip;\n","protected":false},"author":2,"featured_media":24756,"comment_status":"","ping_status":"","sticky":false,"template":"","format":"standard","meta":{"footnotes":""},"categories":[6],"tags":[339,732,340,35,343,345,350,130,344,352,349,33,34,341,313,1011,27,1006,346,342,353,351,347,348,354],"class_list":{"0":"post-24755","1":"post","2":"type-post","3":"status-publish","4":"format-standard","5":"has-post-thumbnail","7":"category-economie","8":"tag-actualite-economique","9":"tag-assurance-maladie","10":"tag-bourse","11":"tag-business","12":"tag-cac-40","13":"tag-chef-dentreprise","14":"tag-concurrence","15":"tag-consommation","16":"tag-creation-dentreprise","17":"tag-crise","18":"tag-delocalisations","19":"tag-economie","20":"tag-economy","21":"tag-emploi","22":"tag-entreprises","23":"tag-fr","24":"tag-france","25":"tag-fraude","26":"tag-grands-patrons","27":"tag-impots","28":"tag-licenciements","29":"tag-monopole","30":"tag-multinationales","31":"tag-privatisation","32":"tag-unio"},"share_on_mastodon":{"url":"https:\/\/pubeurope.com\/@fr\/114337433715347901","error":""},"_links":{"self":[{"href":"https:\/\/www.europesays.com\/fr\/wp-json\/wp\/v2\/posts\/24755","targetHints":{"allow":["GET"]}}],"collection":[{"href":"https:\/\/www.europesays.com\/fr\/wp-json\/wp\/v2\/posts"}],"about":[{"href":"https:\/\/www.europesays.com\/fr\/wp-json\/wp\/v2\/types\/post"}],"author":[{"embeddable":true,"href":"https:\/\/www.europesays.com\/fr\/wp-json\/wp\/v2\/users\/2"}],"replies":[{"embeddable":true,"href":"https:\/\/www.europesays.com\/fr\/wp-json\/wp\/v2\/comments?post=24755"}],"version-history":[{"count":0,"href":"https:\/\/www.europesays.com\/fr\/wp-json\/wp\/v2\/posts\/24755\/revisions"}],"wp:featuredmedia":[{"embeddable":true,"href":"https:\/\/www.europesays.com\/fr\/wp-json\/wp\/v2\/media\/24756"}],"wp:attachment":[{"href":"https:\/\/www.europesays.com\/fr\/wp-json\/wp\/v2\/media?parent=24755"}],"wp:term":[{"taxonomy":"category","embeddable":true,"href":"https:\/\/www.europesays.com\/fr\/wp-json\/wp\/v2\/categories?post=24755"},{"taxonomy":"post_tag","embeddable":true,"href":"https:\/\/www.europesays.com\/fr\/wp-json\/wp\/v2\/tags?post=24755"}],"curies":[{"name":"wp","href":"https:\/\/api.w.org\/{rel}","templated":true}]}}