{"id":247551,"date":"2025-07-13T16:53:38","date_gmt":"2025-07-13T16:53:38","guid":{"rendered":"https:\/\/www.europesays.com\/fr\/247551\/"},"modified":"2025-07-13T16:53:38","modified_gmt":"2025-07-13T16:53:38","slug":"vandoeuvre-les-nancy-lutte-contre-le-cyberharcelement-et-gaming-responsable-au-centre-de-ledition-2025-de-vandoeuvre-in-game","status":"publish","type":"post","link":"https:\/\/www.europesays.com\/fr\/247551\/","title":{"rendered":"Vand\u0153uvre-l\u00e8s-Nancy. Lutte contre le cyberharc\u00e8lement et gaming responsable au centre de l\u2019\u00e9dition 2025 de Vand\u0153uvre in Game"},"content":{"rendered":"<p>V\u00e9ritable vitrine de la culture pop et geek, <a href=\"https:\/\/www.estrepublicain.fr\/culture-loisirs\/2024\/09\/14\/vandoeuvre-in-game-les-amoureux-de-culture-pop-et-de-geek-ont-encore-rendez-vous-ce-dimanche\" target=\"_blank\" rel=\"noopener\">Vand\u0153uvre in Game<\/a> , 6 e \u00e9dition, se tiendra les 13 et 14\u00a0septembre prochains, au parc des sports. Devenu le rendez-vous incontournable des amateurs et des passionn\u00e9s de jeux et de <a href=\"https:\/\/www.estrepublicain.fr\/culture-loisirs\/2025\/05\/04\/le-cosplay-s-invite-au-festival-ludinam-a-besancon\" target=\"_blank\" rel=\"noopener\">cosplay<\/a> , la manifestation, qui gagne en notori\u00e9t\u00e9 chaque ann\u00e9e, <a href=\"https:\/\/www.estrepublicain.fr\/culture-loisirs\/2024\/09\/14\/vandoeuvre-in-game-une-cinquieme-edition-qui-demarre-fort\" target=\"_blank\" rel=\"noopener\"> a rassembl\u00e9 plus de 4\u00a0500 visiteurs en 2024<\/a>. Et ce nouveau rendez-vous, organis\u00e9 par le service Ville num\u00e9rique, dirig\u00e9 par Rapha\u00ebl Miche, sous la responsabilit\u00e9 de Skender Hekalo, adjoint en charge notamment de la vie associative, universitaire et num\u00e9rique, s\u2019annonce tout aussi passionnant.<\/p>\n<p>D\u2019autant plus qu\u2019un partenaire de poids, en l\u2019occurrence Orange, a d\u00e9cid\u00e9 de renforcer sa pr\u00e9sence, apr\u00e8s avoir effectu\u00e9 un galop d\u2019essai l\u2019ann\u00e9e pass\u00e9e. Une implication scell\u00e9e par la signature, il y a quelques jours, d\u2019une convention de partenariat en bonne et due forme, et qui s\u2019inscrit dans une strat\u00e9gie globale d\u00e9ploy\u00e9e par la soci\u00e9t\u00e9.<\/p>\n<p>\u00ab#ForGoodConnections\u00a0\u00bb, c\u2019est son nom, vise en effet \u00e0 promouvoir un num\u00e9rique responsable et s\u00e9curis\u00e9 pour les jeunes utilisateurs. Une pr\u00e9occupation partag\u00e9e d\u2019ailleurs par la Ville de Vand\u0153uvre.<\/p>\n<p>  Combattre le cyberharc\u00e8lement<\/p>\n<p>\u00ab <a href=\"https:\/\/www.estrepublicain.fr\/culture-loisirs\/2024\/09\/07\/vandoeuvre-in-game-une-cinquieme-edition-avec-des-invites-prestigieux\" target=\"_blank\" rel=\"noopener\">\u00a0\u00c0 l\u2019occasion de Vand\u0153uvre in Game<\/a> \u00a0\u00bb, indique Yvan Ronot, directeur des relations collectivit\u00e9s locales pour la Meurthe-et-Moselle, repr\u00e9sentant Patricia Lecoq, d\u00e9l\u00e9gu\u00e9e r\u00e9gionale Orange pour la Lorraine, la Champagne et les Ardennes, \u00ab\u00a0Orange d\u00e9ploiera plusieurs initiatives phares\u00a0\u00bb.<\/p>\n<p>\u00ab\u00a0Nous serons pr\u00e9sents sur un stand dans le hall principal avec notamment une Safe Zone mat\u00e9rialis\u00e9e par une cabine t\u00e9l\u00e9phonique. Un endroit o\u00f9 les joueurs peuvent se r\u00e9fugier et prendre contact avec le 3018 s\u2019ils subissent une situation de <a href=\"https:\/\/www.estrepublicain.fr\/societe\/2021\/12\/14\/cyberharcelement-comment-lutter-contre-et-se-proteger\" target=\"_blank\" rel=\"noopener\">cyberharc\u00e8lement<\/a>. Ce dispositif innovant, sous forme d\u2019une cabine immersive et interactive, permettra aux jeunes joueurs et leurs parents de d\u00e9couvrir son fonctionnement et d\u2019\u00e9changer en famille.\u00a0\u00bb<\/p>\n<p>Pour information, cet outil a d\u00e9j\u00e0 permis \u00e0 plus de neuf\u00a0millions d\u2019utilisateurs de b\u00e9n\u00e9ficier de conseils et d\u2019informations.<\/p>\n<p>  La pr\u00e9sence de l\u2019influenceur AyPierre<\/p>\n<p>Autre initiative, et pas des moindres, Orange accueillera l\u2019influenceur AYPierre, qui fait partie de la Team Orange. Youtubeur et streameur dans le domaine des jeux vid\u00e9o, des voyages et de la photo, AyPierre, est notamment un sp\u00e9cialiste de Minecraft. \u00ab\u00a0Celui-ci sera en interaction pendant les deux jours avec les joueurs et leurs familles et leur donnera des conseils sur les jeux, et les bons r\u00e9flexes pour se prot\u00e9ger en jouant\u00a0\u00bb, poursuit Sarah Bouleau, responsable \u00e9v\u00e9nementiel, sponsoring et partenariat.<\/p>\n<p>Enfin, sur la m\u00eame th\u00e9matique, une conf\u00e9rence sera organis\u00e9e sur la grande sc\u00e8ne, le samedi\u00a013, \u00e0 partir de 14\u00a0h avec AYPierre, Anne Coreau, directrice des Projets Innovants chez Orange, et St\u00e9phane Gonzales directeur de La Fabrique des Possibles.<\/p>\n<p>Un temps de r\u00e9flexion renforc\u00e9e d\u2019ailleurs par l\u2019organisation de mini-tables rondes. \u00ab\u00a0Nous sommes particuli\u00e8rement fiers de concr\u00e9tiser ce partenariat, qui renforce notre engagement en faveur d\u2019un num\u00e9rique responsable\u00a0\u00bb, a conclu Manu Donati, maire.<\/p>\n<p>Rendez-vous est donc donn\u00e9 les 13 et 14\u00a0septembre prochains.<\/p>\n","protected":false},"excerpt":{"rendered":"V\u00e9ritable vitrine de la culture pop et geek, Vand\u0153uvre in Game , 6 e \u00e9dition, se tiendra les&hellip;\n","protected":false},"author":2,"featured_media":247552,"comment_status":"","ping_status":"","sticky":false,"template":"","format":"standard","meta":{"footnotes":""},"categories":[9635],"tags":[1111,11,1687,1704,1777,674,1011,27,775,1036,6364,1702,12,25,5711],"class_list":{"0":"post-247551","1":"post","2":"type-post","3":"status-publish","4":"format-standard","5":"has-post-thumbnail","7":"category-nancy","8":"tag-actu","9":"tag-actualites","10":"tag-culture-loisirs","11":"tag-edition-nancy-et-agglomeration","12":"tag-eu","13":"tag-europe","14":"tag-fr","15":"tag-france","16":"tag-grand-est","17":"tag-jeux-video","18":"tag-metropole-du-grand-nancy-54b1","19":"tag-nancy","20":"tag-news","21":"tag-republique-francaise","22":"tag-vandoeuvre-les-nancy"},"share_on_mastodon":{"url":"https:\/\/pubeurope.com\/@fr\/114846970812632636","error":""},"_links":{"self":[{"href":"https:\/\/www.europesays.com\/fr\/wp-json\/wp\/v2\/posts\/247551","targetHints":{"allow":["GET"]}}],"collection":[{"href":"https:\/\/www.europesays.com\/fr\/wp-json\/wp\/v2\/posts"}],"about":[{"href":"https:\/\/www.europesays.com\/fr\/wp-json\/wp\/v2\/types\/post"}],"author":[{"embeddable":true,"href":"https:\/\/www.europesays.com\/fr\/wp-json\/wp\/v2\/users\/2"}],"replies":[{"embeddable":true,"href":"https:\/\/www.europesays.com\/fr\/wp-json\/wp\/v2\/comments?post=247551"}],"version-history":[{"count":0,"href":"https:\/\/www.europesays.com\/fr\/wp-json\/wp\/v2\/posts\/247551\/revisions"}],"wp:featuredmedia":[{"embeddable":true,"href":"https:\/\/www.europesays.com\/fr\/wp-json\/wp\/v2\/media\/247552"}],"wp:attachment":[{"href":"https:\/\/www.europesays.com\/fr\/wp-json\/wp\/v2\/media?parent=247551"}],"wp:term":[{"taxonomy":"category","embeddable":true,"href":"https:\/\/www.europesays.com\/fr\/wp-json\/wp\/v2\/categories?post=247551"},{"taxonomy":"post_tag","embeddable":true,"href":"https:\/\/www.europesays.com\/fr\/wp-json\/wp\/v2\/tags?post=247551"}],"curies":[{"name":"wp","href":"https:\/\/api.w.org\/{rel}","templated":true}]}}