{"id":247557,"date":"2025-07-13T16:59:10","date_gmt":"2025-07-13T16:59:10","guid":{"rendered":"https:\/\/www.europesays.com\/fr\/247557\/"},"modified":"2025-07-13T16:59:10","modified_gmt":"2025-07-13T16:59:10","slug":"le-festival-de-montpellier-a-perdu-de-son-audace","status":"publish","type":"post","link":"https:\/\/www.europesays.com\/fr\/247557\/","title":{"rendered":"Le Festival de Montpellier a perdu de son audace"},"content":{"rendered":"<p>L\u2019\u00e9v\u00e9nement musical mise d\u00e9sormais sur les grands noms et les titres connus. Il avait pourtant construit sa r\u00e9putation sur la d\u00e9couverte de raret\u00e9s.<\/p>\n<p class=\"fig-paragraph\">Il y a quarante ans, Ren\u00e9 Koering fondait ce qui s\u2019appelait alors le Festival de\u00a0<a href=\"http:\/\/www.lefigaro.fr\/medias\/nous-sommes-a-un-moment-de-verite-radio-france-entame-une-bascule-strategique-20250428\" data-fig-type=\"Article\" data-gtm-custom-categorie=\"navigation\" data-gtm-custom-action=\"crossclick\" data-gtm-custom-label=\"Contextuel\" data-gtm-event=\"customEventSPE\" data-fig-domain=\"LEFIGARO\" rel=\"nofollow noopener\" target=\"_blank\">Radio France<\/a>\u00a0et de Montpellier, saison d\u2019\u00e9t\u00e9 de la radio de service public, dont on ne rappellera jamais assez qu\u2019elle est le premier producteur de musique en France. Les formations maison y prennent leurs quartiers d\u2019\u00e9t\u00e9\u00a0: les deux orchestres (national et philharmonique), la Ma\u00eetrise, mais pas le Ch\u0153ur cette ann\u00e9e, ce qui n\u2019a pas \u00e9t\u00e9 bien v\u00e9cu par les int\u00e9ress\u00e9s.<\/p>\n<p class=\"fig-paragraph\">Quelques signaux viennent rappeler que l\u2019heure est au rabot\u00a0: 12\u00a0jours contre 3\u00a0semaines il y a 20\u00a0ans\u00a0; 17\u00a0concerts diffus\u00e9s par France Musique contre 38 il y a 10\u00a0ans. Si, sous l\u2019impulsion de\u00a0<a href=\"http:\/\/www.lefigaro.fr\/musique\/michel-orier-c-est-l-ensemble-du-milieu-culturel-qui-est-frappe-au-coeur-comme-jamais-20200424\" data-fig-type=\"Article\" data-gtm-custom-categorie=\"navigation\" data-gtm-custom-action=\"crossclick\" data-gtm-custom-label=\"Contextuel\" data-gtm-event=\"customEventSPE\" data-fig-domain=\"LEFIGARO\" rel=\"nofollow noopener\" target=\"_blank\">Michel Orier,<\/a>\u00a0la programmation jazz s\u2019est \u00e9toff\u00e9e avec bonheur, on remarquera, c\u00f4t\u00e9 classique, une tendance \u00e0 miser sur les grands noms et les titres connus, l\u00e0 o\u00f9 Montpellier avait construit sa r\u00e9putation sur la d\u00e9couverte de raret\u00e9s.<\/p>\n<p class=\"fig-body-link\">\n            \u00c0 lire aussi<br \/>\n        <a class=\"fig-body-link__link fig-premium-mark\" href=\"http:\/\/www.lefigaro.fr\/musique\/au-festival-d-aix-billy-budd-fait-chavirer-le-public-20250711\" data-fig-type=\"Article\" data-gtm-custom-categorie=\"navigation\" data-gtm-custom-action=\"crossclick\" data-gtm-custom-label=\"Contextuel\" data-gtm-event=\"customEventSPE\" data-fig-domain=\"LEFIGARO\" rel=\"nofollow noopener\" target=\"_blank\">Au Festival d\u2019Aix, Billy Budd fait chavirer le public<br \/>\n    <\/a>\n<\/p>\n<p class=\"fig-paragraph\">Une fois exprim\u00e9es ces remarques de vieux ronchon, reste l\u2019essentiel\u00a0: les trois concerts auxquels nous avons\u2026<\/p>\n<p class=\"fig-premium-paywall__infos\">\n        Cet article est r\u00e9serv\u00e9 aux abonn\u00e9s.        Il vous reste 79% \u00e0 d\u00e9couvrir.\n    <\/p>\n<p>                <img  data- alt=\"Le Figaro\" class=\"fig-img--complete fig-img\"\/><\/p>\n<p class=\"fig-premium-paywall__title\">Vous avez envie de lire la suite ?<\/p>\n<p class=\"fig-premium-paywall__subtitle\">D\u00e9bloquez tous les articles imm\u00e9diatement.<\/p>\n<p class=\"fig-premium-paywall__connect\">\n                D\u00e9j\u00e0 abonn\u00e9\u00a0?                <a class=\"fig-premium-paywall__connect-link\" href=\"https:\/\/connect.lefigaro.fr\/login?client=horizon_web&amp;type=main&amp;redirect_uri=https%3A%2F%2Fwww.lefigaro.fr%2Fmusique%2Fle-festival-de-montpellier-a-perdu-de-son-audace-20250713\" data-js-gtm=\"{&quot;customCategorie&quot;: &quot;conversion&quot;, &quot;customAction&quot;: &quot;before_Landing_Connexion_paywall_auto&quot;, &quot;customLabel&quot;: &quot;bGVmaWdhcm8uZnJfXzFmMDVmYmNiLTQzNDAtNjliNC1hNzJmLWVkNDA1MWRmNWIwZl9fQXJ0aWNsZQ==_Le Festival de Montpellier a perdu de son audace_114&quot;, &quot;customIDSPE&quot;: &quot;bGVmaWdhcm8uZnJfXzFmMDVmYmNiLTQzNDAtNjliNC1hNzJmLWVkNDA1MWRmNWIwZl9fQXJ0aWNsZQ==&quot;, &quot;event&quot;: &quot;customEventSPE&quot;}\" rel=\"nofollow noopener\" target=\"_blank\"><br \/>\n                    Connectez-vous<br \/>\n                <\/a>\n            <\/p>\n","protected":false},"excerpt":{"rendered":"L\u2019\u00e9v\u00e9nement musical mise d\u00e9sormais sur les grands noms et les titres connus. Il avait pourtant construit sa r\u00e9putation&hellip;\n","protected":false},"author":2,"featured_media":247558,"comment_status":"","ping_status":"","sticky":false,"template":"","format":"standard","meta":{"footnotes":""},"categories":[9599],"tags":[1111,11,1777,674,849,38798,1011,27,2208,873,12,2680,25],"class_list":{"0":"post-247557","1":"post","2":"type-post","3":"status-publish","4":"format-standard","5":"has-post-thumbnail","7":"category-montpellier","8":"tag-actu","9":"tag-actualites","10":"tag-eu","11":"tag-europe","12":"tag-festival","13":"tag-festival-radio-france-occitanie-montpellier","14":"tag-fr","15":"tag-france","16":"tag-montpellier","17":"tag-musique","18":"tag-news","19":"tag-occitanie","20":"tag-republique-francaise"},"share_on_mastodon":{"url":"https:\/\/pubeurope.com\/@fr\/114846994464072439","error":""},"_links":{"self":[{"href":"https:\/\/www.europesays.com\/fr\/wp-json\/wp\/v2\/posts\/247557","targetHints":{"allow":["GET"]}}],"collection":[{"href":"https:\/\/www.europesays.com\/fr\/wp-json\/wp\/v2\/posts"}],"about":[{"href":"https:\/\/www.europesays.com\/fr\/wp-json\/wp\/v2\/types\/post"}],"author":[{"embeddable":true,"href":"https:\/\/www.europesays.com\/fr\/wp-json\/wp\/v2\/users\/2"}],"replies":[{"embeddable":true,"href":"https:\/\/www.europesays.com\/fr\/wp-json\/wp\/v2\/comments?post=247557"}],"version-history":[{"count":0,"href":"https:\/\/www.europesays.com\/fr\/wp-json\/wp\/v2\/posts\/247557\/revisions"}],"wp:featuredmedia":[{"embeddable":true,"href":"https:\/\/www.europesays.com\/fr\/wp-json\/wp\/v2\/media\/247558"}],"wp:attachment":[{"href":"https:\/\/www.europesays.com\/fr\/wp-json\/wp\/v2\/media?parent=247557"}],"wp:term":[{"taxonomy":"category","embeddable":true,"href":"https:\/\/www.europesays.com\/fr\/wp-json\/wp\/v2\/categories?post=247557"},{"taxonomy":"post_tag","embeddable":true,"href":"https:\/\/www.europesays.com\/fr\/wp-json\/wp\/v2\/tags?post=247557"}],"curies":[{"name":"wp","href":"https:\/\/api.w.org\/{rel}","templated":true}]}}