{"id":247561,"date":"2025-07-13T17:02:11","date_gmt":"2025-07-13T17:02:11","guid":{"rendered":"https:\/\/www.europesays.com\/fr\/247561\/"},"modified":"2025-07-13T17:02:11","modified_gmt":"2025-07-13T17:02:11","slug":"echirolles-une-premiere-pierre-posee-pour-le-nouvel-ecoquartier-connexions-qui-doit-relier-le-centre-ville-aux-villeneuves","status":"publish","type":"post","link":"https:\/\/www.europesays.com\/fr\/247561\/","title":{"rendered":"\u00c9chirolles. Une premi\u00e8re pierre pos\u00e9e pour le\u00a0nouvel \u00e9coquartier Connexions, qui doit relier le centre-ville aux Villeneuves"},"content":{"rendered":"<p>Mardi 8\u00a0juillet sous un ciel lumineux et une atmosph\u00e8re charg\u00e9e d\u2019\u00e9motion et de promesses, la premi\u00e8re pierre de <a href=\"https:\/\/www.ledauphine.com\/economie\/2025\/01\/20\/isere-echirolles-le-vaste-projet-connexions-sort-de-terre-cette-annee\" target=\"_blank\" rel=\"noopener\">l\u2019\u00e9coprojet Connexions<\/a> a \u00e9t\u00e9 officiellement pos\u00e9e rue de Provence \u00e0 \u00c9chirolles. Une \u00e9tape symbolique mais d\u00e9cisive pour ce chantier d\u2019envergure lanc\u00e9 par Linkcity et Bouygues b\u00e2timent sud-est, en partenariat \u00e9troit avec Grenoble Alpes M\u00e9tropole et la Ville d\u2019\u00c9chirolles.<\/p>\n<p>Situ\u00e9 au c\u0153ur du secteur GrandAlpe, \u00e0 deux pas de la gare d\u2019\u00c9chirolles, le projet Connexions ambitionne de transformer une friche industrielle en un quartier vivant, inclusif et durable. Un v\u00e9ritable trait&#8230;<\/p>\n","protected":false},"excerpt":{"rendered":"Mardi 8\u00a0juillet sous un ciel lumineux et une atmosph\u00e8re charg\u00e9e d\u2019\u00e9motion et de promesses, la premi\u00e8re pierre de&hellip;\n","protected":false},"author":2,"featured_media":247562,"comment_status":"","ping_status":"","sticky":false,"template":"","format":"standard","meta":{"footnotes":""},"categories":[9566],"tags":[1111,11,2430,9852,9853,112,1777,674,1011,27,2731,1116,1908,12,25,104],"class_list":{"0":"post-247561","1":"post","2":"type-post","3":"status-publish","4":"format-standard","5":"has-post-thumbnail","7":"category-grenoble","8":"tag-actu","9":"tag-actualites","10":"tag-auvergne-rhone-alpes","11":"tag-echirolles","12":"tag-echirolles-bassin","13":"tag-edition-grenoble-agglomeration","14":"tag-eu","15":"tag-europe","16":"tag-fr","17":"tag-france","18":"tag-grenoble","19":"tag-immobilier","20":"tag-logement","21":"tag-news","22":"tag-republique-francaise","23":"tag-societe"},"share_on_mastodon":{"url":"https:\/\/pubeurope.com\/@fr\/114847006206677931","error":""},"_links":{"self":[{"href":"https:\/\/www.europesays.com\/fr\/wp-json\/wp\/v2\/posts\/247561","targetHints":{"allow":["GET"]}}],"collection":[{"href":"https:\/\/www.europesays.com\/fr\/wp-json\/wp\/v2\/posts"}],"about":[{"href":"https:\/\/www.europesays.com\/fr\/wp-json\/wp\/v2\/types\/post"}],"author":[{"embeddable":true,"href":"https:\/\/www.europesays.com\/fr\/wp-json\/wp\/v2\/users\/2"}],"replies":[{"embeddable":true,"href":"https:\/\/www.europesays.com\/fr\/wp-json\/wp\/v2\/comments?post=247561"}],"version-history":[{"count":0,"href":"https:\/\/www.europesays.com\/fr\/wp-json\/wp\/v2\/posts\/247561\/revisions"}],"wp:featuredmedia":[{"embeddable":true,"href":"https:\/\/www.europesays.com\/fr\/wp-json\/wp\/v2\/media\/247562"}],"wp:attachment":[{"href":"https:\/\/www.europesays.com\/fr\/wp-json\/wp\/v2\/media?parent=247561"}],"wp:term":[{"taxonomy":"category","embeddable":true,"href":"https:\/\/www.europesays.com\/fr\/wp-json\/wp\/v2\/categories?post=247561"},{"taxonomy":"post_tag","embeddable":true,"href":"https:\/\/www.europesays.com\/fr\/wp-json\/wp\/v2\/tags?post=247561"}],"curies":[{"name":"wp","href":"https:\/\/api.w.org\/{rel}","templated":true}]}}