{"id":247563,"date":"2025-07-13T17:05:16","date_gmt":"2025-07-13T17:05:16","guid":{"rendered":"https:\/\/www.europesays.com\/fr\/247563\/"},"modified":"2025-07-13T17:05:16","modified_gmt":"2025-07-13T17:05:16","slug":"la-piste-de-lacte-volontaire-privilegiee-par-le-parquet","status":"publish","type":"post","link":"https:\/\/www.europesays.com\/fr\/247563\/","title":{"rendered":"la piste de l\u2019acte volontaire privil\u00e9gi\u00e9e par le parquet"},"content":{"rendered":"<p>Le parquet du procureur de la R\u00e9publique de Grenoble a indiqu\u00e9 ce jeudi en d\u00e9but d\u2019apr\u00e8s-midi que \u00ab\u00a0la piste de l\u2019incendie volontaire est privil\u00e9gi\u00e9e\u00a0\u00bb apr\u00e8s le sinistre qui a <a href=\"https:\/\/www.ledauphine.com\/faits-divers-justice\/2025\/07\/05\/important-incendie-dans-une-barre-d-immeuble-du-quartier-hoche\" target=\"_blank\" rel=\"nofollow noopener\">d\u00e9truit ou endommag\u00e9 plusieurs appartements<\/a> samedi 5 juillet dans le quartier Hoche \u00e0 Grenoble.<\/p>\n<p>Selon le parquet, les premi\u00e8res analyses du laboratoire de police scientifique font appara\u00eetre la trace d\u2019acc\u00e9l\u00e9rant de combustible\u00a0\u00bb.<\/p>\n<p>Ce contenu est bloqu\u00e9 car vous n&rsquo;avez pas accept\u00e9 les cookies et autres traceurs.<\/p>\n<p>En cliquant sur \u00ab J\u2019accepte \u00bb, les cookies et autres traceurs seront d\u00e9pos\u00e9s et vous pourrez visualiser les contenus  (<a href=\"\" class=\"consentModule_policy\" target=\"_blank\" title=\"Consulter la politique de protection des donn\u00e9es du fournisseur\">plus d&rsquo;informations<\/a>).<\/p>\n<p>En cliquant sur \u00ab J\u2019accepte tous les cookies \u00bb, vous autorisez des d\u00e9p\u00f4ts de cookies et autres traceurs pour le stockage de vos donn\u00e9es sur nos sites et applications \u00e0 des fins de personnalisation et de ciblage publicitaire.<\/p>\n<p class=\"consentModule_secondaryText\">Vous gardez la possibilit\u00e9 de retirer votre consentement \u00e0 tout moment en consultant notre <a href=\"https:\/\/www.ledauphine.com\/protection-des-donnees\" target=\"_blank\" title=\"Consulter notre politique de protection des donn\u00e9es\" rel=\"nofollow noopener\">politique de protection des donn\u00e9es<\/a>. <br \/>&#13;<br \/>\n            <a href=\"https:\/\/www.ledauphine.com\/faits-divers-justice\/2025\/07\/10\/javascript:Didomi.notice.show()\" class=\"consentModule_cmp\" rel=\"nofollow noopener\" target=\"_blank\">G\u00e9rer mes choix<\/a>&#13;\n        <\/p>\n<p>&#13;<br \/>\n                        J&rsquo;accepte&#13;<br \/>\n            J&rsquo;accepte tous les cookies&#13;\n        <\/p>\n<p>  Du supercarburant retrouv\u00e9 sur les lieux de l&rsquo;incendie<\/p>\n<p>Selon les informations du Dauphin\u00e9 Lib\u00e9r\u00e9, l\u2019acc\u00e9l\u00e9rateur de combustion dont la pr\u00e9sence a \u00e9t\u00e9 r\u00e9v\u00e9l\u00e9 par les analyses est du supercarburant -c\u2019est-\u00e0-dire de l\u2019essence- dont les traces ont \u00e9t\u00e9 d\u00e9couvertes sur des gravats calcin\u00e9s dans le jardin de l\u2019appartement, entre le muret et une porte-fen\u00eatre.<\/p>\n<p>L\u2019appartement o\u00f9 s\u2019est d\u00e9clar\u00e9 le feu est celui d\u2019un rabbin officiant \u00e0 la synagogue de la rue Lazare-Carnot \u00e0 Grenoble et vit dans le quartier Hoche depuis 40 ans, avec son \u00e9pouse, directrice de l\u2019\u00e9cole juive \u00ab\u00a0Beth Habad\u00a0\u00bb et leur famille. Le parquet a indiqu\u00e9 par ailleurs ce jeudi qu\u2019\u00a0\u00ab\u00a0\u00e0 ce stade, aucune revendication antis\u00e9mite n\u2019a eu lieu\u00a0\u00bb.<\/p>\n","protected":false},"excerpt":{"rendered":"Le parquet du procureur de la R\u00e9publique de Grenoble a indiqu\u00e9 ce jeudi en d\u00e9but d\u2019apr\u00e8s-midi que \u00ab\u00a0la&hellip;\n","protected":false},"author":2,"featured_media":247564,"comment_status":"","ping_status":"","sticky":false,"template":"","format":"standard","meta":{"footnotes":""},"categories":[9566],"tags":[1111,11,2430,112,1777,674,274,107,1011,27,2731,2732,1310,108,12,25],"class_list":{"0":"post-247563","1":"post","2":"type-post","3":"status-publish","4":"format-standard","5":"has-post-thumbnail","7":"category-grenoble","8":"tag-actu","9":"tag-actualites","10":"tag-auvergne-rhone-alpes","11":"tag-edition-grenoble-agglomeration","12":"tag-eu","13":"tag-europe","14":"tag-faits-divers-justice","15":"tag-fil-info","16":"tag-fr","17":"tag-france","18":"tag-grenoble","19":"tag-grenoble-bassin","20":"tag-incendie","21":"tag-isere","22":"tag-news","23":"tag-republique-francaise"},"share_on_mastodon":{"url":"https:\/\/pubeurope.com\/@fr\/114847018049055699","error":""},"_links":{"self":[{"href":"https:\/\/www.europesays.com\/fr\/wp-json\/wp\/v2\/posts\/247563","targetHints":{"allow":["GET"]}}],"collection":[{"href":"https:\/\/www.europesays.com\/fr\/wp-json\/wp\/v2\/posts"}],"about":[{"href":"https:\/\/www.europesays.com\/fr\/wp-json\/wp\/v2\/types\/post"}],"author":[{"embeddable":true,"href":"https:\/\/www.europesays.com\/fr\/wp-json\/wp\/v2\/users\/2"}],"replies":[{"embeddable":true,"href":"https:\/\/www.europesays.com\/fr\/wp-json\/wp\/v2\/comments?post=247563"}],"version-history":[{"count":0,"href":"https:\/\/www.europesays.com\/fr\/wp-json\/wp\/v2\/posts\/247563\/revisions"}],"wp:featuredmedia":[{"embeddable":true,"href":"https:\/\/www.europesays.com\/fr\/wp-json\/wp\/v2\/media\/247564"}],"wp:attachment":[{"href":"https:\/\/www.europesays.com\/fr\/wp-json\/wp\/v2\/media?parent=247563"}],"wp:term":[{"taxonomy":"category","embeddable":true,"href":"https:\/\/www.europesays.com\/fr\/wp-json\/wp\/v2\/categories?post=247563"},{"taxonomy":"post_tag","embeddable":true,"href":"https:\/\/www.europesays.com\/fr\/wp-json\/wp\/v2\/tags?post=247563"}],"curies":[{"name":"wp","href":"https:\/\/api.w.org\/{rel}","templated":true}]}}