{"id":247567,"date":"2025-07-13T17:07:16","date_gmt":"2025-07-13T17:07:16","guid":{"rendered":"https:\/\/www.europesays.com\/fr\/247567\/"},"modified":"2025-07-13T17:07:16","modified_gmt":"2025-07-13T17:07:16","slug":"il-fait-une-fausse-declaration-et-recoit-20-000-euros-de-pole-emploi-puis-ne-se-presente-pas-au-tribunal","status":"publish","type":"post","link":"https:\/\/www.europesays.com\/fr\/247567\/","title":{"rendered":"Il fait une fausse d\u00e9claration et re\u00e7oit 20 000 euros de P\u00f4le Emploi, puis ne se pr\u00e9sente pas au tribunal"},"content":{"rendered":"<p>            Par<br \/>\n        <strong><br \/>\n            <a href=\"https:\/\/actu.fr\/auteur\/redaction-rennes\" title=\"Consulter tous les articles de R\u00e9daction Rennes\" target=\"_blank\" rel=\"noopener\">R\u00e9daction Rennes<\/a><br \/>\n        <\/strong><\/p>\n<p>        Publi\u00e9 le<\/p>\n<p>            13 juil. 2025 \u00e0 17h51        <\/p>\n<p>Le tribunal correctionnel de Rennes a jug\u00e9 en son absence, mardi 1\u1d49\u02b3\u00a0juillet 2025, un Rennais de 52\u00a0ans qui avait<strong> ind\u00fbment per\u00e7u 20\u2009000\u00a0euros d\u2019allocations<\/strong> P\u00f4le Emploi apr\u00e8s avoir fait une <strong>fausse d\u00e9claration.<\/strong> Entre juillet 2020 et f\u00e9vrier 2022, soit pendant plus d\u2019un an et demi, cet homme \u2013 qui se pr\u00e9sente aujourd\u2019hui sur Linkedin comme \u00ab\u2009Responsable d\u2019un centre chronotachygraphe\u2009\u00bb pour une entreprise de poids lourds \u00e0 Rennes \u2013 avait en effet per\u00e7u une somme globale de 20\u2009000 euros d\u2019Allocation de retour \u00e0 l\u2019emploi (ARE).<\/p>\n<p>Un nouvel emploi non d\u00e9clar\u00e9<\/p>\n<p class=\" wall-content\">Le quinquag\u00e9naire install\u00e9 dans le quartier Beauregard, \u00e0 Rennes, n\u2019avait <strong>pas d\u00e9clar\u00e9 son changement de situation<\/strong> administrative. Cet homme de 52\u00a0ans avait en fait retrouv\u00e9 un emploi dans une entreprise de transport. P\u00f4le Emploi en avait eu connaissance gr\u00e2ce \u00e0 \u00ab\u2009l\u2019enregistrement de sa situation\u2009\u00bb par l\u2019employeur.<\/p>\n<p class=\" wall-content\">Un signalement avait ensuite \u00e9t\u00e9 op\u00e9r\u00e9 aupr\u00e8s du procureur de la R\u00e9publique. Le Rennais a \u00e9t\u00e9 renvoy\u00e9 devant le tribunal correctionnel de Rennes pour cette<strong> \u00ab\u2009d\u00e9claration fausse ou incompl\u00e8te\u2009\u00bb<\/strong> pour obtenir d\u2019un organisme \u00ab\u2009une allocation, une prestation, un paiement ou un avantage indu\u2009\u00bb.<\/p>\n<p class=\" wall-content\"><strong>\u00ab\u2009Radi\u00e9\u2009\u00bb de la liste des demandeurs d\u2019emploi,<\/strong> le pr\u00e9venu, qui n\u2019a pas jug\u00e9 bon de se pr\u00e9senter \u00e0 l\u2019audience, avait fait plusieurs fois l\u2019objet de demandes de pr\u00e9cisions, auxquelles il n\u2019a \u00ab\u2009jamais r\u00e9pondu\u2009\u00bb.<\/p>\n<p>Huit mois de prison<\/p>\n<p class=\" wall-content\">Une <strong>premi\u00e8re enqu\u00eate<\/strong> avait d\u00e9but\u00e9 en juillet\u00a02022, puis <strong>une seconde<\/strong> en avril\u00a02023, mais elles \u00e9taient rest\u00e9es<strong> vaines.<\/strong> La bo\u00eete aux lettres de l\u2019individu \u00e9tait \u00ab\u2009pleine\u2009\u00bb, et sa porte de logement \u00ab\u2009close\u2009\u00bb.<\/p>\n<p class=\" wall-content\">Le <strong>casier judiciaire<\/strong> du pr\u00e9venu comportant <strong>quatre mentions<\/strong> pour des faits distincts, et le \u00ab\u2009peu de pi\u00e8ces fournies\u2009\u00bb dans le cadre de cette affaire ont donc conduit la pr\u00e9sidente du tribunal correctionnel \u00e0 le d\u00e9clarer coupable de l\u2019infraction, et \u00e0 le condamner \u00e0 la peine de <strong>huit mois de prison avec sursis,<\/strong> ainsi que d\u2019une peine d\u2019in\u00e9ligibilit\u00e9 de deux ans.<\/p>\n<p class=\" wall-content\"><strong>LBe (PressPepper)<\/strong><\/p>\n<p class=\" wall-content\">Suivez toute l\u2019actualit\u00e9 de vos villes et m\u00e9dias favoris en vous inscrivant \u00e0 <a href=\"https:\/\/moncompte.actu.fr\" title=\"D\u00e9couvez Mon Actu\" rel=\"nofollow noopener\" data-trk=\"{&quot;cta&quot;:{&quot;action&quot;:&quot;https:\\\/\\\/moncompte.actu.fr&quot;,&quot;category&quot;:&quot;mon compte&quot;,&quot;from&quot;:&quot;article footer&quot;,&quot;name&quot;:&quot;Mon actu&quot;,&quot;type&quot;:&quot;cta&quot;}}\" target=\"_blank\">Mon Actu<\/a>.<\/p>\n","protected":false},"excerpt":{"rendered":"Par R\u00e9daction Rennes Publi\u00e9 le 13 juil. 2025 \u00e0 17h51 Le tribunal correctionnel de Rennes a jug\u00e9 en&hellip;\n","protected":false},"author":2,"featured_media":247568,"comment_status":"","ping_status":"","sticky":false,"template":"","format":"standard","meta":{"footnotes":""},"categories":[2821],"tags":[1111,11,829,1777,674,118,1011,27,530,303,12,584,25],"class_list":{"0":"post-247567","1":"post","2":"type-post","3":"status-publish","4":"format-standard","5":"has-post-thumbnail","7":"category-rennes","8":"tag-actu","9":"tag-actualites","10":"tag-bretagne","11":"tag-eu","12":"tag-europe","13":"tag-faits-divers","14":"tag-fr","15":"tag-france","16":"tag-france-travail","17":"tag-justice","18":"tag-news","19":"tag-rennes","20":"tag-republique-francaise"},"share_on_mastodon":{"url":"https:\/\/pubeurope.com\/@fr\/114847025971371172","error":""},"_links":{"self":[{"href":"https:\/\/www.europesays.com\/fr\/wp-json\/wp\/v2\/posts\/247567","targetHints":{"allow":["GET"]}}],"collection":[{"href":"https:\/\/www.europesays.com\/fr\/wp-json\/wp\/v2\/posts"}],"about":[{"href":"https:\/\/www.europesays.com\/fr\/wp-json\/wp\/v2\/types\/post"}],"author":[{"embeddable":true,"href":"https:\/\/www.europesays.com\/fr\/wp-json\/wp\/v2\/users\/2"}],"replies":[{"embeddable":true,"href":"https:\/\/www.europesays.com\/fr\/wp-json\/wp\/v2\/comments?post=247567"}],"version-history":[{"count":0,"href":"https:\/\/www.europesays.com\/fr\/wp-json\/wp\/v2\/posts\/247567\/revisions"}],"wp:featuredmedia":[{"embeddable":true,"href":"https:\/\/www.europesays.com\/fr\/wp-json\/wp\/v2\/media\/247568"}],"wp:attachment":[{"href":"https:\/\/www.europesays.com\/fr\/wp-json\/wp\/v2\/media?parent=247567"}],"wp:term":[{"taxonomy":"category","embeddable":true,"href":"https:\/\/www.europesays.com\/fr\/wp-json\/wp\/v2\/categories?post=247567"},{"taxonomy":"post_tag","embeddable":true,"href":"https:\/\/www.europesays.com\/fr\/wp-json\/wp\/v2\/tags?post=247567"}],"curies":[{"name":"wp","href":"https:\/\/api.w.org\/{rel}","templated":true}]}}