{"id":247569,"date":"2025-07-13T17:08:16","date_gmt":"2025-07-13T17:08:16","guid":{"rendered":"https:\/\/www.europesays.com\/fr\/247569\/"},"modified":"2025-07-13T17:08:16","modified_gmt":"2025-07-13T17:08:16","slug":"un-concert-dimprovisation-vocale-inedit-porte-par-9-voix-feminines","status":"publish","type":"post","link":"https:\/\/www.europesays.com\/fr\/247569\/","title":{"rendered":"un concert d\u2019improvisation vocale in\u00e9dit port\u00e9 par 9 voix f\u00e9minines"},"content":{"rendered":"<p>Les voix sont d\u2019abord timides puis s\u2019assurent. La plupart n\u2019avaient jamais chant\u00e9 en improvisation vocale devant un public avant ce samedi 12\u00a0juillet.\u00a0Djeneba, Roja et Nila, trois adolescentes de Hautepierre se lancent en \u00ab\u00a0circle song\u00a0\u00bb\u00a0: une boucle de sons vocaux sans instrument, o\u00f9 chacune improvise\u00a0des m\u00e9lodies \u2014 percussives, tribales, jazzy ou m\u00e9lancoliques. \u00ab\u00a0C\u2019est bien de se retrouver entre filles, on se sent moins seules\u00a0\u00bb, explique l\u2019une des jeunes femmes. \u00ab\u00a0Au fil des ateliers de pr\u00e9paration, on est devenues tr\u00e8s similaires dans notre fa\u00e7on de chanter, on a fusionn\u00e9\u00a0!\u00a0\u00bb, s\u2019enthousiasme Nadine Deichtmann, l\u2019une des participantes adultes.<\/p>\n<p>  Le chant comme moteur d\u2019inclusivit\u00e9<\/p>\n<p>\u00ab\u00a0C\u2019est pas \u00e9vident de se lancer comme \u00e7a, merci beaucoup pour elles\u00a0\u00bb, applaudissent Leila Harmi-Meistermann et Julie Fandi, du groupe strasbourgeois A Hue et \u00e0 Dia, qui ont men\u00e9 les ateliers de pr\u00e9paration durant cinq jours. La quarantaine de spectateurs de la m\u00e9diath\u00e8que Olympe-de-Gouges est conquise. \u00ab\u00a0\u00c7a aurait pu ne pas marcher, au final on a eu un vrai moment\u00a0!\u00a0\u00bb<\/p>\n<p>Montrer le chant comme moteur d\u2019inclusivit\u00e9\u00a0: c\u2019\u00e9tait le but de cette performance in\u00e9dite\u00a0propos\u00e9e aux femmes, jeunes filles et minorit\u00e9s de genre de Hautepierre et du quartier Gare, dans le cadre du <a href=\"https:\/\/www.dna.fr\/culture-loisirs\/2025\/07\/08\/en-difficulte-le-festival-jazz-a-la-petite-france-lance-un-appel-au-secours-au-public\" target=\"_blank\" rel=\"noopener\">festival Jazz \u00e0 la Petite France<\/a>. Une id\u00e9e de la Sturm Productions, organisatrice du festival, qu\u2019explique sa directrice S\u00e9verine Cappiello\u00a0: \u00ab\u00a0La pratique de la musique est genr\u00e9e, les femmes ont le second r\u00f4le en interpr\u00e9tant souvent un compositeur masculin. Avec ce concert d\u2019improvisation, elles sont cr\u00e9atrices de leur musique.\u00a0\u00bb<\/p>\n","protected":false},"excerpt":{"rendered":"Les voix sont d\u2019abord timides puis s\u2019assurent. La plupart n\u2019avaient jamais chant\u00e9 en improvisation vocale devant un public&hellip;\n","protected":false},"author":2,"featured_media":247570,"comment_status":"","ping_status":"","sticky":false,"template":"","format":"standard","meta":{"footnotes":""},"categories":[2820],"tags":[1111,11,1687,2880,27337,1777,674,6757,107,1011,27,775,873,12,25,104,3140,640,2879],"class_list":{"0":"post-247569","1":"post","2":"type-post","3":"status-publish","4":"format-standard","5":"has-post-thumbnail","7":"category-strasbourg","8":"tag-actu","9":"tag-actualites","10":"tag-culture-loisirs","11":"tag-edition-strasbourg","12":"tag-estivales","13":"tag-eu","14":"tag-europe","15":"tag-feminisme","16":"tag-fil-info","17":"tag-fr","18":"tag-france","19":"tag-grand-est","20":"tag-musique","21":"tag-news","22":"tag-republique-francaise","23":"tag-societe","24":"tag-spectacle","25":"tag-strasbourg","26":"tag-strasbourg-ville"},"share_on_mastodon":{"url":"https:\/\/pubeurope.com\/@fr\/114847029840872810","error":""},"_links":{"self":[{"href":"https:\/\/www.europesays.com\/fr\/wp-json\/wp\/v2\/posts\/247569","targetHints":{"allow":["GET"]}}],"collection":[{"href":"https:\/\/www.europesays.com\/fr\/wp-json\/wp\/v2\/posts"}],"about":[{"href":"https:\/\/www.europesays.com\/fr\/wp-json\/wp\/v2\/types\/post"}],"author":[{"embeddable":true,"href":"https:\/\/www.europesays.com\/fr\/wp-json\/wp\/v2\/users\/2"}],"replies":[{"embeddable":true,"href":"https:\/\/www.europesays.com\/fr\/wp-json\/wp\/v2\/comments?post=247569"}],"version-history":[{"count":0,"href":"https:\/\/www.europesays.com\/fr\/wp-json\/wp\/v2\/posts\/247569\/revisions"}],"wp:featuredmedia":[{"embeddable":true,"href":"https:\/\/www.europesays.com\/fr\/wp-json\/wp\/v2\/media\/247570"}],"wp:attachment":[{"href":"https:\/\/www.europesays.com\/fr\/wp-json\/wp\/v2\/media?parent=247569"}],"wp:term":[{"taxonomy":"category","embeddable":true,"href":"https:\/\/www.europesays.com\/fr\/wp-json\/wp\/v2\/categories?post=247569"},{"taxonomy":"post_tag","embeddable":true,"href":"https:\/\/www.europesays.com\/fr\/wp-json\/wp\/v2\/tags?post=247569"}],"curies":[{"name":"wp","href":"https:\/\/api.w.org\/{rel}","templated":true}]}}