{"id":247582,"date":"2025-07-13T17:17:19","date_gmt":"2025-07-13T17:17:19","guid":{"rendered":"https:\/\/www.europesays.com\/fr\/247582\/"},"modified":"2025-07-13T17:17:19","modified_gmt":"2025-07-13T17:17:19","slug":"voici-10-guinguettes-ou-lon-peut-faire-la-fete","status":"publish","type":"post","link":"https:\/\/www.europesays.com\/fr\/247582\/","title":{"rendered":"voici 10 guinguettes o\u00f9 l&rsquo;on peut faire la f\u00eate"},"content":{"rendered":"<p>            Par<br \/>\n        <strong><br \/>\n            <a href=\"https:\/\/actu.fr\/auteur\/gabriel-kenedi\" title=\"Consulter tous les articles de Gabriel Kenedi\" target=\"_blank\" rel=\"noopener\">Gabriel Kenedi<\/a><br \/>\n        <\/strong><\/p>\n<p>        Publi\u00e9 le<\/p>\n<p>            13 juil. 2025 \u00e0 17h32        <\/p>\n<p>C\u2019est devenu en l\u2019espace de quelques ann\u00e9es<strong> une v\u00e9ritable tendance<\/strong> qui fait la sp\u00e9cificit\u00e9 de <strong>Toulouse<\/strong>. D\u00e8s que les beaux jours arrivent, les guinguettes fleurissent aux quatre coins de la Ville rose et aux alentours. Parmi les tr\u00e8s nombreux \u00e9tablissements festifs, nous avons choisi de vous proposer une s\u00e9lection de guinguettes dites festives\u2026 suivez le guide\u2009!<\/p>\n<p>#1. Le Petit Bikini\u2009: \u00e0 vous les pools party<br \/>\n    <img   decoding=\"async\" loading=\"lazy\" src=\"https:\/\/www.europesays.com\/fr\/wp-content\/uploads\/2025\/06\/petit-bikini-ramonville-960x640.jpg\" alt=\"Le Petit Bikini organise trois jours de f\u00eate pour son dernier week-end d'ouverture. \" width=\"960\" height=\"640\"\/><br \/>\n    Le Petit Bikini organise trois jours de f\u00eate pour son dernier week-end d\u2019ouverture. (\u00a9Louis Derigon)<\/p>\n<p class=\" wall-content\">Pour cette nouvelle saison estivale, le Bikini a rouvert sa guinguette estivale, Le Petit Bikini. Le lieu sera ouvert jusqu\u2019au 7\u00a0septembre, du mardi au samedi (de 18h \u00e0 minuit). Le gros plus\u2009? L\u2019entr\u00e9e est gratuite et la baignade dans la fameuse piscine du Bikini est autoris\u00e9e\u2009! Et il y aura m\u00eame encore deux pools partys durant l\u2019\u00e9t\u00e9, les 20\u00a0juillet et 31\u00a0ao\u00fbt prochains\u2026 Pour le reste, le Bikini a concoct\u00e9 un joyeux programme de soir\u00e9es en tout genre\u2026<br \/>On vous laisse le d\u00e9couvrir dans notre article complet\u2009:<\/p>\n<p>#2. Les Terrasses de l\u2019Atelier<br \/>\n    <img   decoding=\"async\" loading=\"lazy\" src=\"https:\/\/www.europesays.com\/fr\/wp-content\/uploads\/2025\/07\/terrasses-de-latelier-toulouse-3-960x640.jpg\" alt=\"Les employ\u00e9s des Terrasses de l'Atelier travailleront uniquement du mercredi au samedi, en horaires de soir, cette saison\" width=\"960\" height=\"640\"\/><br \/>\n    Les employ\u00e9s des Terrasses de l\u2019Atelier travailleront uniquement du mercredi au samedi, en horaires de soir, cette saison (\u00a9Les Terrasses de l\u2019Atelier)<\/p>\n<p class=\" wall-content\">Les Terrasses de l\u2019atelier, c\u2019est d\u00e9sormais un spot bien connu des Toulousains. Pour sa septi\u00e8me saison, profitez de neuf terrasses, des ambiances diff\u00e9rentes, trois bars, un grand barbecue, une cuisine tapas, des jeux en libre acc\u00e8s, un photobooth gratuit et des DJ sets du jeudi au samedi, o\u00f9 l\u2019endroit ferme \u00e0 2, voire 3\u00a0heures du matin. De quoi passer de longues et belles soir\u00e9es\u2009!<\/p>\n<p>#3. La Centrale<br \/>\n    <img   decoding=\"async\" loading=\"lazy\" src=\"https:\/\/www.europesays.com\/fr\/wp-content\/uploads\/2025\/07\/la-centrale-toulouse-960x640.jpg\" alt=\"La Centrale \u00e0 Toulouse, f\u00eate ses 10 ans d'existence ! \" width=\"960\" height=\"640\"\/><br \/>\n    La Centrale \u00e0 Toulouse, f\u00eate ses 10\u00a0ans d\u2019existence\u2009! (\u00a9La Centrale)<\/p>\n<p class=\" wall-content\">Cet \u00e9t\u00e9, La Centrale souffle d\u00e9j\u00e0 ses dix bougies. Ce lieu situ\u00e9 sur l\u2019\u00eele du Ramier est dor\u00e9navant bien connu des Toulousains, et s\u00e9duit par ses grandes tabl\u00e9es, son esprit festif, ses assiettes g\u00e9n\u00e9reuses et son \u00e9nergie d\u00e9bordante\u2009! Au menu, des grillades, des c\u00f4tes de b\u0153uf, une belle s\u00e9lection de poissons et fruits de mers ultra-frais, et des tapas \u00e0 partager\u2026 ou pas\u2009! Sans oublier les desserts XXL et originaux concoct\u00e9s directement sur place\u2009! C\u00f4t\u00e9 boissons, La Centrale se distingue par son savoir-faire sur les cocktails, \u00e0 siroter au soleil ou sous les lampions\u2026 Y\u2019a pire, non\u2009? Et si le service restauration s\u2019arr\u00eate \u00e0 23\u00a0heures, la f\u00eate, elle, peut durer jusqu\u2019\u00e0 2, voire 3\u00a0heures\u2009!<\/p>\n<p>All\u00e9e Fernand Jourdant, sur l\u2019\u00eele du Ramier.<\/p>\n<p>#4. Chez Molly<br \/>\n    <img   decoding=\"async\" loading=\"lazy\" src=\"https:\/\/www.europesays.com\/fr\/wp-content\/uploads\/2025\/07\/guinguette-chez-molly-toulouse-960x640.jpg\" alt=\"La guinguette Chez Molly, au coeur du complexe de loisirs Toulouse-Montaudran, rouvre mercredi 28 mai 2025.\" width=\"960\" height=\"640\"\/><br \/>\n    La guinguette Chez Molly, au c\u0153ur du complexe de loisirs Toulouse-Montaudran, rouvre mercredi 28\u00a0mai 2025. (\u00a9Chez Molly)<\/p>\n<p class=\" wall-content\">La guinguette Chez Molly a rouvert ses portes le 28\u00a0mai dernier dans le quartier Montaudran \u00e0 Toulouse. Sous les palmiers, autour d\u2019un verre, ou d\u2019une planche bien garnie, le lieu s\u2019est impos\u00e9 les deux derniers \u00e9t\u00e9s comme une adresse incontournable des soir\u00e9es toulousaines dans un cadre unique\u2009: la grande terrasse de la guinguette est situ\u00e9e au c\u0153ur du complexe de loisirs Toulouse-Montaudran, avec ses pistes de bowling, ses jeux d\u2019arcades, son laser game tout neuf et son circuit de karting indoor.<\/p>\n<p class=\" wall-content\">Pour le troisi\u00e8me \u00e9t\u00e9, Chez Molly promet de se distinguer aussi par son impressionnante carte de tapas et ses portions tr\u00e8s g\u00e9n\u00e9reuses. Ici, comme au menu du restaurant \u00e9ponyme, mais \u00e9galement des restaurants Chez Yvonne et Chez Giovanni des m\u00eames g\u00e9rants, les assiettes sont XXL.\u00a0\u00c0 cela s\u2019ajoutent une belle carte de cocktail, vins et des incontournables du bar \u00e0 siroter sous les guirlandes lumineuses, dans une ambiance festive et d\u00e9contract\u00e9e.<\/p>\n<p>#5. Coco Club<br \/>\n    <img   decoding=\"async\" loading=\"lazy\" src=\"https:\/\/www.europesays.com\/fr\/wp-content\/uploads\/2025\/07\/z-coco-club-960x640.jpg\" alt=\"Le Coco-Club\" width=\"960\" height=\"640\"\/><br \/>\n    Le Coco-Club (\u00a9DR.)<\/p>\n<p class=\" wall-content\">\u00c7a sent l\u2019\u00e9t\u00e9 au Coco Club\u2009! \u00c9tablissement bien connu \u00e0 Balma, le Coco Club ne manque pas d\u2019atouts\u2026 Notamment gr\u00e2ce \u00e0 sa gigantesque terrasse, son bar-plage, et ses grandes tabl\u00e9es. Cet \u00e9t\u00e9, plusieurs soir\u00e9es \u00e0 th\u00e8me sont au programme\u2009! Citons par exemple, le 14\u00a0ao\u00fbt, la soir\u00e9e Feria, qui sentira bond le Pays-Basque\u2009! Si on peut y faire la f\u00eate, le Coco Club est aussi un endroit pour se restaurer. La carte d\u2019\u00e9t\u00e9 fait la part belle aux plats \u00e0 partager (ou<br \/>pas\u2009!) : aubergine r\u00f4tie, gravlax de truite, hawa\u00efan tacos et de nombreux autres produits (frais et locaux\u2009!) seront \u00e0 d\u00e9couvrir cet \u00e9t\u00e9.<\/p>\n<p>97 route de Gaur\u00e9, \u00e0 Balma. Infos\u2009: coco-club.fr<\/p>\n<p>#6. Le Poney Club<br \/>\n    <img   decoding=\"async\" loading=\"lazy\" src=\"https:\/\/www.europesays.com\/fr\/wp-content\/uploads\/2025\/07\/poney-club-toulouse-mlc-960x640.jpg\" alt=\"poney\" width=\"960\" height=\"640\"\/><br \/>\n    Le Poney Club, c\u2019est \u00e0 Blagnac que \u00e7a se passe\u2009! (\u00a9MLC \/ Actu Toulouse)<\/p>\n<p class=\" wall-content\">C\u2019est d\u00e9sormais un lieu incontournable pour les amateurs de musiques \u00e9lectroniques \u00e0 Toulouse, et m\u00eame au-del\u00e0. Le Poney Club propose cet \u00e9t\u00e9, jusqu\u2019au 30\u00a0ao\u00fbt, une programmation pour le moins hallucinante, avec de nombreuses stars \u00e0 l\u2019affiche\u2009!<\/p>\n<p class=\" wall-content\">Ce lieu \u00e9ph\u00e9m\u00e8re situ\u00e9 au bord des pistes de l\u2019a\u00e9roport, qui prend la forme d\u2019un open-air g\u00e9ant, capable d\u2019accueillir 4\u2009500\u00a0personnes, attend les plus grandes stars de l\u2019\u00e9lectro et aussi plusieurs festivals durant l\u2019\u00e9t\u00e9. C\u00f4t\u00e9 nouveaut\u00e9s, le Poney Club promet \u00ab\u2009un nouveau syst\u00e8me son\u2009\u00bb, \u00ab\u2009une sc\u00e8ne plus grande\u2009\u00bb, et un \u00ab\u2009am\u00e9nagement diff\u00e9rent du site par rapport aux autres \u00e9ditions\u2009\u00bb, \u00ab\u2009un espace VIP plus grand\u2009\u00bb, ou encore \u00ab\u2009moins d\u2019attente au bar\u2009\u00bb, et \u00ab\u2009des food trucks\u2009\u00bb pour se restaurer. Alors, pr\u00eats \u00e0 danser au bord des pistes\u2009?<\/p>\n<p>#8. L\u2019Envol C\u00f4t\u00e9 Plage<br \/>\n    <img   decoding=\"async\" loading=\"lazy\" src=\"https:\/\/www.europesays.com\/fr\/wp-content\/uploads\/2025\/07\/envol-balma-toulouse-guinguette-960x640.jpg\" alt=\"Pour sa nouvelle saison L'Envol lance les dimanches des copains, avec des nombreux partenaires festifs.\" width=\"960\" height=\"640\"\/><br \/>\n    L\u2019Envol, pionnier des guinguettes, est toujours l\u00e0 quand il s\u2019agit de faire la f\u00eate\u2009!. (\u00a9 Alexandre Leclercq)<\/p>\n<p class=\" wall-content\">Voil\u00e0 18\u00a0ans que l\u2019Envol C\u00f4t\u00e9 Plage anime les soir\u00e9es toulousaines en saison estivale. Cet \u00e9tablissement en plein air, dot\u00e9 d\u2019un restaurant, propose de nombreuses soir\u00e9es sp\u00e9ciales. Ne manquez pas la soir\u00e9e Yellow les 23 &amp; et 24\u00a0juillet o\u00f9 la mythique \u00ab\u2009Flower Power\u2009\u00bb, les 20 &amp; 21\u00a0ao\u00fbt prochains\u2026<\/p>\n<p>Ouvert tous les jours de la semaine<\/p>\n<p>#9. La Voile Blanche<br \/>\n    <img   decoding=\"async\" loading=\"lazy\" src=\"https:\/\/www.europesays.com\/fr\/wp-content\/uploads\/2025\/07\/la-voile-blanche-960x640.jpg\" alt=\"La Voile Blanche organise une soir\u00e9e \" width=\"960\" height=\"640\"\/><br \/>\n    La Voile Blanche organise une soir\u00e9e Rose, le 25\u00a0juillet 2025, \u00e0 Toulouse. (\u00a9DR)<\/p>\n<p class=\" wall-content\">La Voile Blanche, c\u2019est aussi The Place To Be pour faire la f\u00eate\u2009! Cette nouvelle saison promet d\u2019\u00eatre constamment ambianc\u00e9e par des soir\u00e9es \u00e0 th\u00e8mes ou de show d\u2019artistes en vue.\u00a0Parmi les soir\u00e9es \u00e0 ne pas manquer\u2009:<\/p>\n<ul class=\" wall-content\">\n<li>Vendredi 18\u00a0juillet\u2009: showcase de Gims<\/li>\n<li>Vendredi 25\u00a0juillet\u2009: Soir\u00e9e Rose<\/li>\n<li>Vendredi 1er\u00a0ao\u00fbt\u2009: showcase de Tayc<\/li>\n<li>Jeudi 28\u00a0ao\u00fbt\u2009: Soir\u00e9e Blanche<\/li>\n<\/ul>\n<p class=\" wall-content\">La Voile Blanche est \u00e9galement ouverte en mode\u00a0pool party\u00a0les mercredis et dimanches apr\u00e8s-midi ainsi qu\u2019en mode \u00ab\u2009Beach Club\u2009\u00bb en journ\u00e9e du jeudi au samedi.<\/p>\n<p>La Voile Blanche, Parc de Sesqui\u00e8res, 26 All. des Foulques, 31200 Toulouse.<\/p>\n<p>#10.\u00a0La friche gourmande<br \/>\n    <img   decoding=\"async\" loading=\"lazy\" src=\"https:\/\/www.europesays.com\/fr\/wp-content\/uploads\/2025\/07\/la-friche-gourmande-toulouse-853x640.jpeg\" alt=\"L'\u00e9tablissement dispose de 750m\u00b2 de terrasse.\" width=\"853\" height=\"640\"\/><br \/>\n    L\u2019\u00e9tablissement dispose de 750m\u00b2 de terrasse. (\u00a9La friche gourmande)<\/p>\n<p class=\" wall-content\">Install\u00e9e \u00e0 Montaudran, La Friche est un lieu hybride m\u00ealant street food, ambiance festive et conviviale. Avec ses quatre stands gourmands et deux bars bien fournis, elle attire autant les \u00e9picuriens que les amateurs de musique. Lieu de rencontres d\u00e9contract\u00e9, elle valorise les produits locaux et les recettes g\u00e9n\u00e9reuses. \u00c0 deux pas de la Halle de la Machine, c\u2019est l\u2019adresse incontournable du quartier Aerospace.\u00a0\u00c0 signaler aussi, La Friche a d\u00e9sormais une petite s\u0153ur, \u00e0 Balma.<\/p>\n<p>10 Imp. Didier Daurat, Toulouse<\/p>\n<p class=\" wall-content\">Suivez toute l\u2019actualit\u00e9 de vos villes et m\u00e9dias favoris en vous inscrivant \u00e0 <a href=\"https:\/\/moncompte.actu.fr\" title=\"D\u00e9couvez Mon Actu\" rel=\"nofollow noopener\" data-trk=\"{&quot;cta&quot;:{&quot;action&quot;:&quot;https:\\\/\\\/moncompte.actu.fr&quot;,&quot;category&quot;:&quot;mon compte&quot;,&quot;from&quot;:&quot;article footer&quot;,&quot;name&quot;:&quot;Mon actu&quot;,&quot;type&quot;:&quot;cta&quot;}}\" target=\"_blank\">Mon Actu<\/a>.<\/p>\n","protected":false},"excerpt":{"rendered":"Par Gabriel Kenedi Publi\u00e9 le 13 juil. 2025 \u00e0 17h32 C\u2019est devenu en l\u2019espace de quelques ann\u00e9es une&hellip;\n","protected":false},"author":2,"featured_media":247583,"comment_status":"","ping_status":"","sticky":false,"template":"","format":"standard","meta":{"footnotes":""},"categories":[2816],"tags":[1111,11,1777,674,1011,27,1652,12,2680,25,1341,2312],"class_list":{"0":"post-247582","1":"post","2":"type-post","3":"status-publish","4":"format-standard","5":"has-post-thumbnail","7":"category-toulouse","8":"tag-actu","9":"tag-actualites","10":"tag-eu","11":"tag-europe","12":"tag-fr","13":"tag-france","14":"tag-loisirs-culture","15":"tag-news","16":"tag-occitanie","17":"tag-republique-francaise","18":"tag-sortir-a-toulouse","19":"tag-toulouse"},"share_on_mastodon":{"url":"https:\/\/pubeurope.com\/@fr\/114847065892622566","error":""},"_links":{"self":[{"href":"https:\/\/www.europesays.com\/fr\/wp-json\/wp\/v2\/posts\/247582","targetHints":{"allow":["GET"]}}],"collection":[{"href":"https:\/\/www.europesays.com\/fr\/wp-json\/wp\/v2\/posts"}],"about":[{"href":"https:\/\/www.europesays.com\/fr\/wp-json\/wp\/v2\/types\/post"}],"author":[{"embeddable":true,"href":"https:\/\/www.europesays.com\/fr\/wp-json\/wp\/v2\/users\/2"}],"replies":[{"embeddable":true,"href":"https:\/\/www.europesays.com\/fr\/wp-json\/wp\/v2\/comments?post=247582"}],"version-history":[{"count":0,"href":"https:\/\/www.europesays.com\/fr\/wp-json\/wp\/v2\/posts\/247582\/revisions"}],"wp:featuredmedia":[{"embeddable":true,"href":"https:\/\/www.europesays.com\/fr\/wp-json\/wp\/v2\/media\/247583"}],"wp:attachment":[{"href":"https:\/\/www.europesays.com\/fr\/wp-json\/wp\/v2\/media?parent=247582"}],"wp:term":[{"taxonomy":"category","embeddable":true,"href":"https:\/\/www.europesays.com\/fr\/wp-json\/wp\/v2\/categories?post=247582"},{"taxonomy":"post_tag","embeddable":true,"href":"https:\/\/www.europesays.com\/fr\/wp-json\/wp\/v2\/tags?post=247582"}],"curies":[{"name":"wp","href":"https:\/\/api.w.org\/{rel}","templated":true}]}}