{"id":247586,"date":"2025-07-13T17:20:20","date_gmt":"2025-07-13T17:20:20","guid":{"rendered":"https:\/\/www.europesays.com\/fr\/247586\/"},"modified":"2025-07-13T17:20:20","modified_gmt":"2025-07-13T17:20:20","slug":"que-faire-a-lille-le-lundi-14-juillet","status":"publish","type":"post","link":"https:\/\/www.europesays.com\/fr\/247586\/","title":{"rendered":"que faire \u00e0 Lille, le lundi 14 juillet\u00a0?"},"content":{"rendered":"<p>            Par<br \/>\n        <strong><br \/>\n            <a href=\"https:\/\/actu.fr\/auteur\/amandine-vachez\" title=\"Consulter tous les articles de Amandine Vachez\" rel=\"nofollow noopener\" target=\"_blank\">Amandine Vachez<\/a><br \/>\n        <\/strong><\/p>\n<p>        Publi\u00e9 le<\/p>\n<p>            13 juil. 2025 \u00e0 17h00        <\/p>\n<p>Feu d\u2019artifice, animations, lieux ouverts\u2026 Voici une s\u00e9lection de <b>sorties<\/b>, \u00e0 faire \u00e0 Lille (Nord) ce<b> lundi 14\u00a0juillet 2025.<\/b><\/p>\n<p>D\u00e9fil\u00e9, concert et feu d\u2019artifice<\/p>\n<p class=\" wall-content\">C\u2019est une belle journ\u00e9e qui s\u2019annonce, \u00e0 Lille, pour le 14-Juillet. La F\u00eate nationale sera c\u00e9l\u00e9br\u00e9e d\u00e8s le matin, avec le <a href=\"https:\/\/actu.fr\/hauts-de-france\/lille_59350\/circulation-stationnement-parcours-ce-quil-faut-savoir-avant-le-defile-du-14-juillet-a-lille_62901825.html\" rel=\"nofollow noopener\" target=\"_blank\">traditionnel d\u00e9fil\u00e9 militaire<\/a>, pr\u00e9vu d\u00e8s 10\u2009h\u200930 boulevard de la Libert\u00e9.<\/p>\n<p class=\" wall-content\">Des bals populaires se tiennent aussi dans les quartiers depuis plusieurs jours. Ce lundi, un concert est pr\u00e9vu \u00e0 la gare Saint-Sauveur. Vous pourrez y d\u00e9couvrir la composition de Simon Fache pour la saison \u00ab\u2009Fiesta\u2009\u00bb de lille3000. Une \u0153uvre festive (\u00e9videmment), interpr\u00e9t\u00e9e par l\u2019Harmonie municipale de Lille-Centre, de 16\u2009h \u00e0 17\u2009h\u200930.<\/p>\n<p class=\" wall-content\">Enfin, en cl\u00f4ture de la journ\u00e9e, le <a href=\"https:\/\/actu.fr\/hauts-de-france\/lille_59350\/fete-nationale-ou-voir-des-feux-dartifice-a-lille-et-dans-le-nord-pour-le-14-juillet_62878323.html\" rel=\"nofollow noopener\" target=\"_blank\">feu d\u2019artifice est pr\u00e9vu le soir<\/a> sur le Champ de Mars. Retrouvez les infos pratiques li\u00e9es \u00e0 cette journ\u00e9e <a href=\"https:\/\/actu.fr\/hauts-de-france\/lille_59350\/restaurants-ouverts-toute-la-nuit-pietonnisation-et-stationnement-limite-pour-le-14-juillet-a-lille_62889153.html\" rel=\"nofollow noopener\" target=\"_blank\">dans un article cibl\u00e9<\/a>.<\/p>\n<p>Qu\u2019est-ce qui est ouvert ou ferm\u00e9\u2009?<\/p>\n<p class=\" wall-content\">Dans les \u00e9quipements de la Ville, seuls les cimeti\u00e8res de Lille, Hellemmes et Lomme seront ouverts ce lundi, ainsi que le zoo, \u00e0 la citadelle (10\u2009h-19\u2009h).<\/p>\n<p>Vid\u00e9os : en ce moment sur Actu<\/p>\n<p class=\" wall-content\">De leur c\u00f4t\u00e9, les magasins et centres commerciaux choisissent pour certains d\u2019ouvrir leurs portes\u2009: Euralille, Lillenium, Printemps\u2026 On vous les liste <a href=\"https:\/\/actu.fr\/hauts-de-france\/lille_59350\/quels-magasins-seront-ouverts-le-lundi-14-juillet-dans-la-metropole-de-lille_62903594.html\" rel=\"nofollow noopener\" target=\"_blank\">par ici avec les horaires d\u2019ouverture<\/a>.<\/p>\n<p class=\" wall-content\">Enfin, les bonnes affaires se prolongent, avec des <a href=\"https:\/\/actu.fr\/loisirs-culture\/voici-les-brocantes-et-vide-greniers-organises-le-14-juillet-dans-le-nord-pas-de-calais_62905289.html\" rel=\"nofollow noopener\" target=\"_blank\">brocantes et autres ventes<\/a>, pr\u00e9vues sur le secteur\u2009: \u00e0 Lambersart, Marcq-en-Bar\u0153ul ou encore Phalempin.<\/p>\n<p class=\" wall-content\">Pour \u00ab\u2009chiller\u2009\u00bb, il y a aussi <a href=\"https:\/\/actu.fr\/hauts-de-france\/lille_59350\/lambersart-tourcoing-wambrechies-les-guinguettes-de-lete-dans-la-metropole-de-lille_62883231.html\" rel=\"nofollow noopener\" target=\"_blank\">les guinguettes, ouvertes tous les jours<\/a> en saison pour la plupart. Renseignez-vous pour savoir si celle qui est le plus proche de chez vous est ouverte (et si elle propose des animations ce jour\u2009!).\u00a0<\/p>\n<p>Balades et attractions<\/p>\n<p class=\" wall-content\">Pour rappel, des lieux de loisirs restent ouverts les jours f\u00e9ri\u00e9s. \u00c0 Lille, le parc d\u2019attractions pour les petits et tout-petits Cita Parc sera ouvert de 11\u2009h \u00e0 19\u2009h. Vous pouvez tester les <a href=\"https:\/\/chloro-fil.fr\/accrolille\/\" rel=\"nofollow noopener\" target=\"_blank\">parcours d\u2019accrobranche<\/a> de la citadelle de Lille, ou escalader les blocs de chez Arkose (9\u2009h-minuit) ou Climb Up (9\u2009h-22\u2009h) \u00e0 Lille.<\/p>\n<p class=\" wall-content\">En r\u00e9sum\u00e9, vous aurez l\u2019embarras du choix, pour profiter de cette journ\u00e9e\u2009!<\/p>\n<p class=\" wall-content\">Suivez toute l\u2019actualit\u00e9 de vos villes et m\u00e9dias favoris en vous inscrivant \u00e0 <a href=\"https:\/\/moncompte.actu.fr\" title=\"D\u00e9couvez Mon Actu\" rel=\"nofollow noopener\" data-trk=\"{&quot;cta&quot;:{&quot;action&quot;:&quot;https:\\\/\\\/moncompte.actu.fr&quot;,&quot;category&quot;:&quot;mon compte&quot;,&quot;from&quot;:&quot;article footer&quot;,&quot;name&quot;:&quot;Mon actu&quot;,&quot;type&quot;:&quot;cta&quot;}}\" target=\"_blank\">Mon Actu<\/a>.<\/p>\n","protected":false},"excerpt":{"rendered":"Par Amandine Vachez Publi\u00e9 le 13 juil. 2025 \u00e0 17h00 Feu d\u2019artifice, animations, lieux ouverts\u2026 Voici une s\u00e9lection&hellip;\n","protected":false},"author":2,"featured_media":247587,"comment_status":"","ping_status":"","sticky":false,"template":"","format":"standard","meta":{"footnotes":""},"categories":[2815],"tags":[1111,11,1063,1777,674,652,1011,27,811,1307,1652,12,25],"class_list":{"0":"post-247586","1":"post","2":"type-post","3":"status-publish","4":"format-standard","5":"has-post-thumbnail","7":"category-lille","8":"tag-actu","9":"tag-actualites","10":"tag-animations","11":"tag-eu","12":"tag-europe","13":"tag-famille","14":"tag-fr","15":"tag-france","16":"tag-hauts-de-france","17":"tag-lille","18":"tag-loisirs-culture","19":"tag-news","20":"tag-republique-francaise"},"share_on_mastodon":{"url":"https:\/\/pubeurope.com\/@fr\/114847077017694649","error":""},"_links":{"self":[{"href":"https:\/\/www.europesays.com\/fr\/wp-json\/wp\/v2\/posts\/247586","targetHints":{"allow":["GET"]}}],"collection":[{"href":"https:\/\/www.europesays.com\/fr\/wp-json\/wp\/v2\/posts"}],"about":[{"href":"https:\/\/www.europesays.com\/fr\/wp-json\/wp\/v2\/types\/post"}],"author":[{"embeddable":true,"href":"https:\/\/www.europesays.com\/fr\/wp-json\/wp\/v2\/users\/2"}],"replies":[{"embeddable":true,"href":"https:\/\/www.europesays.com\/fr\/wp-json\/wp\/v2\/comments?post=247586"}],"version-history":[{"count":0,"href":"https:\/\/www.europesays.com\/fr\/wp-json\/wp\/v2\/posts\/247586\/revisions"}],"wp:featuredmedia":[{"embeddable":true,"href":"https:\/\/www.europesays.com\/fr\/wp-json\/wp\/v2\/media\/247587"}],"wp:attachment":[{"href":"https:\/\/www.europesays.com\/fr\/wp-json\/wp\/v2\/media?parent=247586"}],"wp:term":[{"taxonomy":"category","embeddable":true,"href":"https:\/\/www.europesays.com\/fr\/wp-json\/wp\/v2\/categories?post=247586"},{"taxonomy":"post_tag","embeddable":true,"href":"https:\/\/www.europesays.com\/fr\/wp-json\/wp\/v2\/tags?post=247586"}],"curies":[{"name":"wp","href":"https:\/\/api.w.org\/{rel}","templated":true}]}}