{"id":247588,"date":"2025-07-13T17:21:11","date_gmt":"2025-07-13T17:21:11","guid":{"rendered":"https:\/\/www.europesays.com\/fr\/247588\/"},"modified":"2025-07-13T17:21:11","modified_gmt":"2025-07-13T17:21:11","slug":"saint-etienne-le-laus-la-chorale-anguelos-en-concert-a-la-basilique","status":"publish","type":"post","link":"https:\/\/www.europesays.com\/fr\/247588\/","title":{"rendered":"Saint-\u00c9tienne-le-Laus. La chorale Angu\u00e9los en concert \u00e0 la basilique"},"content":{"rendered":"<p>Un concert est pr\u00e9vu jeudi 17\u00a0juillet \u00e0 14\u00a0h\u00a030 \u00e0 la basilique du sanctuaire de Notre-Dame-du-Laus. Il s\u2019agit d\u2019une repr\u00e9sentation gratuite de la chorale Angu\u00e9los sous la direction de Yoann Pourr. Cette chorale compte une trentaine de chanteurs, coll\u00e9giens et lyc\u00e9en. Le r\u00e9pertoire propos\u00e9 va du chant gr\u00e9gorien au chant populaire. Les voix d\u2019Anguelos rayonnent en Provence, en France et \u00e9galement en Europe.<\/p>\n","protected":false},"excerpt":{"rendered":"Un concert est pr\u00e9vu jeudi 17\u00a0juillet \u00e0 14\u00a0h\u00a030 \u00e0 la basilique du sanctuaire de Notre-Dame-du-Laus. Il s\u2019agit d\u2019une&hellip;\n","protected":false},"author":2,"featured_media":247589,"comment_status":"","ping_status":"","sticky":false,"template":"","format":"standard","meta":{"footnotes":""},"categories":[2814],"tags":[1111,11,1687,4521,1777,674,1011,27,38800,884,873,12,882,25,38799],"class_list":{"0":"post-247588","1":"post","2":"type-post","3":"status-publish","4":"format-standard","5":"has-post-thumbnail","7":"category-marseille","8":"tag-actu","9":"tag-actualites","10":"tag-culture-loisirs","11":"tag-edition-hautes-alpes-alpes-de-haute-provence","12":"tag-eu","13":"tag-europe","14":"tag-fr","15":"tag-france","16":"tag-gapencais","17":"tag-marseille","18":"tag-musique","19":"tag-news","20":"tag-provence-alpes-cote-dazur","21":"tag-republique-francaise","22":"tag-saint-etienne-le-laus"},"share_on_mastodon":{"url":"https:\/\/pubeurope.com\/@fr\/114847081014752314","error":""},"_links":{"self":[{"href":"https:\/\/www.europesays.com\/fr\/wp-json\/wp\/v2\/posts\/247588","targetHints":{"allow":["GET"]}}],"collection":[{"href":"https:\/\/www.europesays.com\/fr\/wp-json\/wp\/v2\/posts"}],"about":[{"href":"https:\/\/www.europesays.com\/fr\/wp-json\/wp\/v2\/types\/post"}],"author":[{"embeddable":true,"href":"https:\/\/www.europesays.com\/fr\/wp-json\/wp\/v2\/users\/2"}],"replies":[{"embeddable":true,"href":"https:\/\/www.europesays.com\/fr\/wp-json\/wp\/v2\/comments?post=247588"}],"version-history":[{"count":0,"href":"https:\/\/www.europesays.com\/fr\/wp-json\/wp\/v2\/posts\/247588\/revisions"}],"wp:featuredmedia":[{"embeddable":true,"href":"https:\/\/www.europesays.com\/fr\/wp-json\/wp\/v2\/media\/247589"}],"wp:attachment":[{"href":"https:\/\/www.europesays.com\/fr\/wp-json\/wp\/v2\/media?parent=247588"}],"wp:term":[{"taxonomy":"category","embeddable":true,"href":"https:\/\/www.europesays.com\/fr\/wp-json\/wp\/v2\/categories?post=247588"},{"taxonomy":"post_tag","embeddable":true,"href":"https:\/\/www.europesays.com\/fr\/wp-json\/wp\/v2\/tags?post=247588"}],"curies":[{"name":"wp","href":"https:\/\/api.w.org\/{rel}","templated":true}]}}