{"id":247592,"date":"2025-07-13T17:23:17","date_gmt":"2025-07-13T17:23:17","guid":{"rendered":"https:\/\/www.europesays.com\/fr\/247592\/"},"modified":"2025-07-13T17:23:17","modified_gmt":"2025-07-13T17:23:17","slug":"un-ado-a-trottinette-tue-dans-une-collision-en-cascade","status":"publish","type":"post","link":"https:\/\/www.europesays.com\/fr\/247592\/","title":{"rendered":"un ado \u00e0 trottinette tu\u00e9 dans une collision en cascade"},"content":{"rendered":"<p>            Par<br \/>\n        <strong><br \/>\n            <a href=\"https:\/\/actu.fr\/auteur\/pierrechemel\" title=\"Consulter tous les articles de Pierre Chemel\" rel=\"nofollow noopener\" target=\"_blank\">Pierre Chemel<\/a><br \/>\n        <\/strong><\/p>\n<p>        Publi\u00e9 le<\/p>\n<p>            13 juil. 2025 \u00e0 16h45        <\/p>\n<p>Mise \u00e0 jour \u2013 16h50 : une personne aurait \u00e9t\u00e9 interpell\u00e9e dans cette affaire.<\/p>\n<p class=\" wall-content\">INFO ACTU LYON. Un terrible concours de circonstances. Un <strong>accident<\/strong> <strong>mortel<\/strong> s\u2019est produit ce samedi en milieu d\u2019apr\u00e8s-midi \u00e0 <a href=\"https:\/\/actu.fr\/auvergne-rhone-alpes\/venissieux_69259\" rel=\"nofollow noopener\" target=\"_blank\">V\u00e9nissieux<\/a>, pr\u00e8s de Lyon, co\u00fbtant la vie \u00e0 un jeune homme qui circulait en <strong>trottinette <\/strong>avenue Marcel Cachin, dans le quartier des <strong>Minguettes<\/strong>. Selon les premi\u00e8res informations, une <strong>voiture<\/strong> aurait d\u00e9vi\u00e9 sa trajectoire pour \u00e9viter un <strong>bus<\/strong>, percutant une <strong>moto<\/strong> qui arrivait en sens inverse. La moto, projet\u00e9e par le choc, aurait alors heurt\u00e9 un utilisateur de <strong>trottinette<\/strong> qui passait \u00e0 ce moment-l\u00e0.<\/p>\n<p class=\" wall-content\">\n<p>D\u00e9lit de fuite ?<\/p>\n<p class=\" wall-content\">Malgr\u00e9 l\u2019intervention rapide des pompiers et des secours, le jeune homme en trottinette n\u2019a <strong>pas surv\u00e9cu<\/strong>. Il serait \u00e2g\u00e9 de 16 ans, selon nos sources. Le motard, quant \u00e0 lui, a \u00e9t\u00e9 pris en charge et transport\u00e9 \u00e0 l\u2019h\u00f4pital, bless\u00e9 mais conscient.<\/p>\n<p class=\" wall-content\">Le conducteur de la voiture, lui, <strong>aurait pris la fuite<\/strong> juste apr\u00e8s l\u2019accident. La police s\u2019efforce d\u00e9sormais de confirmer ce d\u00e9lit de fuite et d\u2019identifier le v\u00e9hicule impliqu\u00e9.<\/p>\n<p class=\" wall-content\">Une enqu\u00eate a \u00e9t\u00e9 ouverte pour d\u00e9terminer les circonstances exactes du drame et \u00e9tablir les responsabilit\u00e9s dans ce qui s\u2019annonce d\u00e9j\u00e0 comme une affaire sensible dans ce quartier de la m\u00e9tropole de Lyon.<\/p>\n<p class=\" wall-content\">Suivez toute l\u2019actualit\u00e9 de vos villes et m\u00e9dias favoris en vous inscrivant \u00e0 <a href=\"https:\/\/moncompte.actu.fr\" title=\"D\u00e9couvez Mon Actu\" rel=\"nofollow noopener\" data-trk=\"{&quot;cta&quot;:{&quot;action&quot;:&quot;https:\\\/\\\/moncompte.actu.fr&quot;,&quot;category&quot;:&quot;mon compte&quot;,&quot;from&quot;:&quot;article footer&quot;,&quot;name&quot;:&quot;Mon actu&quot;,&quot;type&quot;:&quot;cta&quot;}}\" target=\"_blank\">Mon Actu<\/a>.<\/p>\n","protected":false},"excerpt":{"rendered":"Par Pierre Chemel Publi\u00e9 le 13 juil. 2025 \u00e0 16h45 Mise \u00e0 jour \u2013 16h50 : une personne&hellip;\n","protected":false},"author":2,"featured_media":247593,"comment_status":"","ping_status":"","sticky":false,"template":"","format":"standard","meta":{"footnotes":""},"categories":[1889],"tags":[1111,11,2430,1777,674,118,1011,27,2428,12,1072,1311,25,6960],"class_list":{"0":"post-247592","1":"post","2":"type-post","3":"status-publish","4":"format-standard","5":"has-post-thumbnail","7":"category-lyon","8":"tag-actu","9":"tag-actualites","10":"tag-auvergne-rhone-alpes","11":"tag-eu","12":"tag-europe","13":"tag-faits-divers","14":"tag-fr","15":"tag-france","16":"tag-lyon","17":"tag-news","18":"tag-police","19":"tag-pompiers","20":"tag-republique-francaise","21":"tag-trottinette-electrique"},"share_on_mastodon":{"url":"https:\/\/pubeurope.com\/@fr\/114847088819161123","error":""},"_links":{"self":[{"href":"https:\/\/www.europesays.com\/fr\/wp-json\/wp\/v2\/posts\/247592","targetHints":{"allow":["GET"]}}],"collection":[{"href":"https:\/\/www.europesays.com\/fr\/wp-json\/wp\/v2\/posts"}],"about":[{"href":"https:\/\/www.europesays.com\/fr\/wp-json\/wp\/v2\/types\/post"}],"author":[{"embeddable":true,"href":"https:\/\/www.europesays.com\/fr\/wp-json\/wp\/v2\/users\/2"}],"replies":[{"embeddable":true,"href":"https:\/\/www.europesays.com\/fr\/wp-json\/wp\/v2\/comments?post=247592"}],"version-history":[{"count":0,"href":"https:\/\/www.europesays.com\/fr\/wp-json\/wp\/v2\/posts\/247592\/revisions"}],"wp:featuredmedia":[{"embeddable":true,"href":"https:\/\/www.europesays.com\/fr\/wp-json\/wp\/v2\/media\/247593"}],"wp:attachment":[{"href":"https:\/\/www.europesays.com\/fr\/wp-json\/wp\/v2\/media?parent=247592"}],"wp:term":[{"taxonomy":"category","embeddable":true,"href":"https:\/\/www.europesays.com\/fr\/wp-json\/wp\/v2\/categories?post=247592"},{"taxonomy":"post_tag","embeddable":true,"href":"https:\/\/www.europesays.com\/fr\/wp-json\/wp\/v2\/tags?post=247592"}],"curies":[{"name":"wp","href":"https:\/\/api.w.org\/{rel}","templated":true}]}}