{"id":247594,"date":"2025-07-13T17:24:38","date_gmt":"2025-07-13T17:24:38","guid":{"rendered":"https:\/\/www.europesays.com\/fr\/247594\/"},"modified":"2025-07-13T17:24:38","modified_gmt":"2025-07-13T17:24:38","slug":"lhotel-the-people-sinstalle-a-lyon","status":"publish","type":"post","link":"https:\/\/www.europesays.com\/fr\/247594\/","title":{"rendered":"L&rsquo;h\u00f4tel The People s&rsquo;installe \u00e0 Lyon"},"content":{"rendered":"<p>\t\t\t\t\t\t\t\tThe People s\u2019installe \u00e0 Lyon et ouvre ainsi son 12\u00e8me ho(s)tel en France !<\/p>\n<p>\u00a0<\/p>\n<p class=\"ai-optimize-7 ai-optimize-introduction\">En finalisant l\u2019acquisition de Pilo Lyon, The People, marque du groupe Grape Hospitality, renforce sa position de leader sur le march\u00e9 de l\u2019hostellerie en s\u2019implantant dans une nouvelle destination majeure en France.<br \/><img loading=\"lazy\" decoding=\"async\" class=\"alignnone wp-image-80948 size-full\" src=\"data:image\/svg+xml,%3Csvg%20xmlns=\" http:=\"\" alt=\"H\u00f4tels\" width=\"1000\" height=\"404\" data-lazy- data-lazy- data-lazy-src=\"https:\/\/www.europesays.com\/fr\/wp-content\/uploads\/2025\/07\/unnamed-10.png\"\/><\/p>\n<p class=\"ai-optimize-8\"><strong>CA SENT BON LA PRALINE<\/strong><br \/>Ce lieu de vie, nich\u00e9 au c\u0153ur du quartier embl\u00e9matique de la Croix-Rousse, va parfaitement \u00e9pouser les valeurs de l\u2019ADN de marque The People : accessibilit\u00e9, convivialit\u00e9 et cr\u00e9ativit\u00e9.<br \/>Install\u00e9 dans un ancien coll\u00e8ge, cet \u00e9tablissement compos\u00e9 d\u2019une centaine de lits en dortoirs et d\u2019une trentaine de chambres privatives, offre une vue imprenable sur la Basilique de Fourvi\u00e8re.<br \/>A la fois paisible et anim\u00e9 avec son bar-restaurant locavore, son espace de co-working et sa programmation festive, cet ho(s)tel est d\u00e9j\u00e0 un lieu vibrant et ultra local. Un vrai QG de quartier, o\u00f9 les habitants passent boire un verre, o\u00f9 les voyageurs se sentent chez eux, et o\u00f9 l\u2019ambiance fait toute la diff\u00e9rence.<\/p>\n<p class=\"ai-optimize-9\"><strong>LE MEILLEUR DE L\u2019H\u00d4TEL &amp; DE L\u2019AUBERGE DE JEUNESSE<\/strong><br \/>D\u00e8s septembre 2025, on viendra chez The People Lyon pour un s\u00e9jour, un brunch, un bingo ou un afterwork, entre amis, en famille ou en solo \u2013 du bout de la rue ou du monde.<br \/>D\u00e9j\u00e0 labellis\u00e9 Cl\u00e9 Verte, ce lieu s\u2019inscrit parfaitement dans le green spirit de la marque The People, fortement engag\u00e9, avec des \u00e9co gestes concrets int\u00e9gr\u00e9s tout au long de l\u2019exp\u00e9rience client et avec cette ann\u00e9e encore la reconduction de l\u2019op\u00e9ration \u00ab Cookies du Coeur \u00bb visant \u00e0 soutenir l\u2019Association M\u00e9c\u00e9nat Chirurgie Cardiaque.<\/p>\n<p><img loading=\"lazy\" decoding=\"async\" class=\"alignnone wp-image-80949 size-large\" src=\"data:image\/svg+xml,%3Csvg%20xmlns=\" http:=\"\" alt=\"hotels\" width=\"1000\" height=\"667\" data-lazy- data-lazy- data-lazy-src=\"https:\/\/www.europesays.com\/fr\/wp-content\/uploads\/2025\/07\/unnamed-18-1000x667.jpg\"\/><\/p>\n<p class=\"ai-optimize-10\">Pour la 2e ann\u00e9e, The People est partenaire du festival We Love Green qui se tiendra du 6 au 8 juin \u00e0 Vincennes. L\u2019occasion id\u00e9ale d\u2019annoncer l\u2019ouverture de cette nouvelle destination, tout en soutenant un \u00e9v\u00e9nement engag\u00e9 qui fait \u00e9cho aux valeurs de la marque.<\/p>\n<p class=\"ai-optimize-11\">Ce nouvel \u00e9tablissement s\u2019inscrit pleinement dans l\u2019esprit The People, et va rapidement devenir le lieu incontournable de la destination Lyonnaise.<\/p>\n","protected":false},"excerpt":{"rendered":"The People s\u2019installe \u00e0 Lyon et ouvre ainsi son 12\u00e8me ho(s)tel en France ! \u00a0 En finalisant l\u2019acquisition&hellip;\n","protected":false},"author":2,"featured_media":247595,"comment_status":"","ping_status":"","sticky":false,"template":"","format":"standard","meta":{"footnotes":""},"categories":[1889],"tags":[1111,11,2430,5975,10009,1777,674,1011,27,1661,2519,22020,2428,2742,12,25,602,2528,586],"class_list":{"0":"post-247594","1":"post","2":"type-post","3":"status-publish","4":"format-standard","5":"has-post-thumbnail","7":"category-lyon","8":"tag-actu","9":"tag-actualites","10":"tag-auvergne-rhone-alpes","11":"tag-decouverte","12":"tag-destination","13":"tag-eu","14":"tag-europe","15":"tag-fr","16":"tag-france","17":"tag-gastronomie","18":"tag-hotellerie","19":"tag-hotels","20":"tag-lyon","21":"tag-nature","22":"tag-news","23":"tag-republique-francaise","24":"tag-tourisme","25":"tag-vacances","26":"tag-voyage"},"share_on_mastodon":{"url":"https:\/\/pubeurope.com\/@fr\/114847092855091605","error":""},"_links":{"self":[{"href":"https:\/\/www.europesays.com\/fr\/wp-json\/wp\/v2\/posts\/247594","targetHints":{"allow":["GET"]}}],"collection":[{"href":"https:\/\/www.europesays.com\/fr\/wp-json\/wp\/v2\/posts"}],"about":[{"href":"https:\/\/www.europesays.com\/fr\/wp-json\/wp\/v2\/types\/post"}],"author":[{"embeddable":true,"href":"https:\/\/www.europesays.com\/fr\/wp-json\/wp\/v2\/users\/2"}],"replies":[{"embeddable":true,"href":"https:\/\/www.europesays.com\/fr\/wp-json\/wp\/v2\/comments?post=247594"}],"version-history":[{"count":0,"href":"https:\/\/www.europesays.com\/fr\/wp-json\/wp\/v2\/posts\/247594\/revisions"}],"wp:featuredmedia":[{"embeddable":true,"href":"https:\/\/www.europesays.com\/fr\/wp-json\/wp\/v2\/media\/247595"}],"wp:attachment":[{"href":"https:\/\/www.europesays.com\/fr\/wp-json\/wp\/v2\/media?parent=247594"}],"wp:term":[{"taxonomy":"category","embeddable":true,"href":"https:\/\/www.europesays.com\/fr\/wp-json\/wp\/v2\/categories?post=247594"},{"taxonomy":"post_tag","embeddable":true,"href":"https:\/\/www.europesays.com\/fr\/wp-json\/wp\/v2\/tags?post=247594"}],"curies":[{"name":"wp","href":"https:\/\/api.w.org\/{rel}","templated":true}]}}