{"id":247612,"date":"2025-07-13T17:35:24","date_gmt":"2025-07-13T17:35:24","guid":{"rendered":"https:\/\/www.europesays.com\/fr\/247612\/"},"modified":"2025-07-13T17:35:24","modified_gmt":"2025-07-13T17:35:24","slug":"motogp-marquez-intouchable-en-allemagne","status":"publish","type":"post","link":"https:\/\/www.europesays.com\/fr\/247612\/","title":{"rendered":"MotoGP : Marquez intouchable en Allemagne"},"content":{"rendered":"<p>L\u2019Espagnol Marc Marquez (Ducati) a survol\u00e9 le Grand Prix d\u2019Allemagne de MotoGP dimanche et consolid\u00e9 sa place de leader du championnat du monde, que personne ne semble en mesure de lui contester.<\/p>\n<p>Le Catalan a encore prouv\u00e9 ce week-end qu\u2019il \u00e9tait bien le \u00ab\u00a0King of the Ring\u00a0\u00bb (roi du Sachsenring), son surnom outre-Rhin, tant il est dominateur sur le circuit situ\u00e9 en ex-Allemagne de l\u2019Est o\u00f9 il a d\u00e9croch\u00e9 dimanche sa neuvi\u00e8me victoire en dix courses dans la cat\u00e9gorie reine, un record.<\/p>\n<p>Apr\u00e8s l\u2019Aragon, l\u2019Italie et les Pays-Bas, le sextuple champion du monde de MotoGP a encha\u00een\u00e9 un quatri\u00e8me carton plein cons\u00e9cutif avec 37 points engrang\u00e9s <a target=\"_self\" href=\"https:\/\/www.lanouvellerepublique.fr\/sports\/grand-prix-d-allemagne-marquez-insubmersible-quartararo-sur-le-podium-1752339767\" rel=\"nofollow noopener\">en s\u2019imposant samedi lors de la course sprint<\/a> et dimanche lors du Grand Prix.<\/p>\n<p>Gr\u00e2ce \u00e0 sa 69e\u00a0victoire en MotoGP, Marc Marquez d\u00e9passe la l\u00e9gende italienne Giacomo Agostini, mais reste toutefois \u00e0 bonne distance d\u2019un autre illustre Transalpin, Valentino Rossi, qui d\u00e9tient le record avec 89 succ\u00e8s dans la cat\u00e9gorie reine.<\/p>\n<p>L\u2019Espagnol fonce vers un septi\u00e8me titre<\/p>\n<p>Le leader du championnat se rapproche en revanche de plus en plus d\u2019une septi\u00e8me couronne mondiale en MotoGP qui lui permettrait d\u2019\u00e9galer Rossi. Sauf blessure, personne ne semble en mesure de l\u2019en emp\u00eacher. \u00c0 mi-saison, Marquez dispose en effet d\u2019une avance consid\u00e9rable sur ses deux poursuivants, son fr\u00e8re Alex (Ducati-Gresini), et son co\u00e9quipier italien Francesco Bagnaia (Ducati), qui ont compl\u00e9t\u00e9 le podium dimanche en Allemagne et qui pointent d\u00e9j\u00e0 respectivement \u00e0 83 et 147 longueurs.<\/p>\n<p>\u00ab\u00a0Le Sachsenring est vraiment un circuit tr\u00e8s sp\u00e9cial pour moi. Je me suis senti en pleine confiance d\u00e8s le d\u00e9but de la course. C\u2019est un moment incroyable. On est \u00e0 mi-saison, pour l\u2019instant \u00e7a se passe tr\u00e8s bien mais il reste encore une moiti\u00e9 de saison et il faudra rester concentr\u00e9\u00a0\u00bb, a soulign\u00e9 le Catalan.<\/p>\n<p>Deux semaines apr\u00e8s sa lourde chute \u00e0 Assen o\u00f9 il avait subi une fracture \u00e0 la main gauche qui avait n\u00e9cessit\u00e9 une intervention chirurgicale, Alex Marquez lui a tr\u00e8s bien limit\u00e9 la casse dimanche malgr\u00e9 ses douleurs. Lui et Bagnaia doivent leurs places sur le podium aux nombreuses chutes, et notamment les deux Italiens Fabio Di Giannantonio (Ducati-VR46) et Marco Bezzecchi (Aprilia) qui \u00e9taient deuxi\u00e8mes lorsqu\u2019ils sont tomb\u00e9s.<\/p>\n<p>Quartararo quatri\u00e8me<\/p>\n<p>Seulement dix pilotes sont all\u00e9s au bout de la course dimanche, une premi\u00e8re depuis le GP d\u2019Australie en 2011\u00a0! Fabio Quartararo (Yamaha) a lui aussi b\u00e9n\u00e9fici\u00e9 de cette h\u00e9catombe pour prendre une inattendue quatri\u00e8me place. L\u2019autre Fran\u00e7ais, Johann Zarco (Honda-LCR), qui s\u2019\u00e9lan\u00e7ait en deuxi\u00e8me position, est tomb\u00e9 au 18e\u00a0des 30 tours alors qu\u2019il venait de grimper au cinqui\u00e8me rang. C\u2019est le quatri\u00e8me week-end de suite tr\u00e8s difficile pour le v\u00e9t\u00e9ran de la grille, qui n\u2019a inscrit que sept points depuis sa deuxi\u00e8me place en Angleterre fin mai.<\/p>\n","protected":false},"excerpt":{"rendered":"L\u2019Espagnol Marc Marquez (Ducati) a survol\u00e9 le Grand Prix d\u2019Allemagne de MotoGP dimanche et consolid\u00e9 sa place de&hellip;\n","protected":false},"author":2,"featured_media":247613,"comment_status":"","ping_status":"","sticky":false,"template":"","format":"standard","meta":{"footnotes":""},"categories":[1587],"tags":[11,672,1804,1805,1803,1777,674,1801,74,1457,12,1802,60],"class_list":{"0":"post-247612","1":"post","2":"type-post","3":"status-publish","4":"format-standard","5":"has-post-thumbnail","7":"category-allemagne","8":"tag-actualites","9":"tag-allemagne","10":"tag-bundesrepublik-deutschland","11":"tag-de","12":"tag-deutschland","13":"tag-eu","14":"tag-europe","15":"tag-germany","16":"tag-monde","17":"tag-moto","18":"tag-news","19":"tag-republique-federale-dallemagne","20":"tag-sports"},"share_on_mastodon":{"url":"https:\/\/pubeurope.com\/@fr\/114847136114181807","error":""},"_links":{"self":[{"href":"https:\/\/www.europesays.com\/fr\/wp-json\/wp\/v2\/posts\/247612","targetHints":{"allow":["GET"]}}],"collection":[{"href":"https:\/\/www.europesays.com\/fr\/wp-json\/wp\/v2\/posts"}],"about":[{"href":"https:\/\/www.europesays.com\/fr\/wp-json\/wp\/v2\/types\/post"}],"author":[{"embeddable":true,"href":"https:\/\/www.europesays.com\/fr\/wp-json\/wp\/v2\/users\/2"}],"replies":[{"embeddable":true,"href":"https:\/\/www.europesays.com\/fr\/wp-json\/wp\/v2\/comments?post=247612"}],"version-history":[{"count":0,"href":"https:\/\/www.europesays.com\/fr\/wp-json\/wp\/v2\/posts\/247612\/revisions"}],"wp:featuredmedia":[{"embeddable":true,"href":"https:\/\/www.europesays.com\/fr\/wp-json\/wp\/v2\/media\/247613"}],"wp:attachment":[{"href":"https:\/\/www.europesays.com\/fr\/wp-json\/wp\/v2\/media?parent=247612"}],"wp:term":[{"taxonomy":"category","embeddable":true,"href":"https:\/\/www.europesays.com\/fr\/wp-json\/wp\/v2\/categories?post=247612"},{"taxonomy":"post_tag","embeddable":true,"href":"https:\/\/www.europesays.com\/fr\/wp-json\/wp\/v2\/tags?post=247612"}],"curies":[{"name":"wp","href":"https:\/\/api.w.org\/{rel}","templated":true}]}}