{"id":247616,"date":"2025-07-13T17:37:12","date_gmt":"2025-07-13T17:37:12","guid":{"rendered":"https:\/\/www.europesays.com\/fr\/247616\/"},"modified":"2025-07-13T17:37:12","modified_gmt":"2025-07-13T17:37:12","slug":"il-est-condamne-dans-lindre-pour-agression-et-corruption-de-mineur","status":"publish","type":"post","link":"https:\/\/www.europesays.com\/fr\/247616\/","title":{"rendered":"il est condamn\u00e9 dans l\u2019Indre pour agression et corruption de mineur"},"content":{"rendered":"<p>Un homme de 73\u00a0ans a \u00e9t\u00e9 condamn\u00e9, jeudi 10\u00a0juillet, par le <a target=\"_blank\" href=\"https:\/\/www.lanouvellerepublique.fr\/indre\/faits-divers-justice\" rel=\"noopener\">tribunal de Ch\u00e2teauroux<\/a> \u00e0 cinq ans d\u2019emprisonnement dont quatre assortis d\u2019un sursis probatoire pour <a target=\"_self\" href=\"https:\/\/www.lanouvellerepublique.fr\/a-la-une\/violences-sexuelles-des-recommandations-a-hauteur-d-enfants-1752069170\" rel=\"noopener\">agression sexuelle incestueuse et corruption de mineur<\/a>. Il devra effectuer cette peine d\u2019un an de prison ferme sous surveillance \u00e9lectronique \u00e0 domicile.<\/p>\n<p>Au cours des d\u00e9bats, tenus le 25\u00a0juin, le septuag\u00e9naire a r\u00e9p\u00e9t\u00e9 plusieurs fois qu\u2019il n\u2019y avait \u00ab\u00a0jamais eu de notion de sexualit\u00e9 dans tout \u00e7a\u00a0\u00bb, que jamais il n\u2019avait eu \u00ab\u00a0envie de coucher avec [son] petit-fils.\u00a0\u00bb Dans la salle d\u2019audience, seul le p\u00e8re de la victime \u00e9tait pr\u00e9sent pour ce jour de confrontation&#8230;. <\/p>\n<p>    Cet article a \u00e9t\u00e9 tronqu\u00e9. Abonnez-vous pour lire l&rsquo;article complet sur notre site.<\/p>\n<p style=\"margin: 0 !important; padding: 0 !important; font-size: 12px !important;\">Cet article a \u00e9t\u00e9 tronqu\u00e9. Abonnez-vous pour lire l&rsquo;article complet.<\/p>\n<p>    <a href=\"https:\/\/www.lanouvellerepublique.fr\/abonnements\" style=\"display: inline-block; margin-top: 5px !important; padding: 6px 12px !important; background: #cb1c27; color: white; text-decoration: none; border-radius: 4px; font-size: 12px !important;\" target=\"_blank\" rel=\"noopener\"><br \/>\n      S&rsquo;abonner<br \/>\n    <\/a><\/p>\n","protected":false},"excerpt":{"rendered":"Un homme de 73\u00a0ans a \u00e9t\u00e9 condamn\u00e9, jeudi 10\u00a0juillet, par le tribunal de Ch\u00e2teauroux \u00e0 cinq ans d\u2019emprisonnement&hellip;\n","protected":false},"author":2,"featured_media":247617,"comment_status":"","ping_status":"","sticky":false,"template":"","format":"standard","meta":{"footnotes":""},"categories":[1586],"tags":[1392,11,1777,674,1779,274,1011,27,5052,12,25,25463,1778,364],"class_list":{"0":"post-247616","1":"post","2":"type-post","3":"status-publish","4":"format-standard","5":"has-post-thumbnail","7":"category-europe","8":"tag-a-la-une-local","9":"tag-actualites","10":"tag-eu","11":"tag-europe","12":"tag-european-union","13":"tag-faits-divers-justice","14":"tag-fr","15":"tag-france","16":"tag-indre","17":"tag-news","18":"tag-republique-francaise","19":"tag-tribunal-correctionnel","20":"tag-ue","21":"tag-union-europeenne"},"share_on_mastodon":{"url":"https:\/\/pubeurope.com\/@fr\/114847143918276231","error":""},"_links":{"self":[{"href":"https:\/\/www.europesays.com\/fr\/wp-json\/wp\/v2\/posts\/247616","targetHints":{"allow":["GET"]}}],"collection":[{"href":"https:\/\/www.europesays.com\/fr\/wp-json\/wp\/v2\/posts"}],"about":[{"href":"https:\/\/www.europesays.com\/fr\/wp-json\/wp\/v2\/types\/post"}],"author":[{"embeddable":true,"href":"https:\/\/www.europesays.com\/fr\/wp-json\/wp\/v2\/users\/2"}],"replies":[{"embeddable":true,"href":"https:\/\/www.europesays.com\/fr\/wp-json\/wp\/v2\/comments?post=247616"}],"version-history":[{"count":0,"href":"https:\/\/www.europesays.com\/fr\/wp-json\/wp\/v2\/posts\/247616\/revisions"}],"wp:featuredmedia":[{"embeddable":true,"href":"https:\/\/www.europesays.com\/fr\/wp-json\/wp\/v2\/media\/247617"}],"wp:attachment":[{"href":"https:\/\/www.europesays.com\/fr\/wp-json\/wp\/v2\/media?parent=247616"}],"wp:term":[{"taxonomy":"category","embeddable":true,"href":"https:\/\/www.europesays.com\/fr\/wp-json\/wp\/v2\/categories?post=247616"},{"taxonomy":"post_tag","embeddable":true,"href":"https:\/\/www.europesays.com\/fr\/wp-json\/wp\/v2\/tags?post=247616"}],"curies":[{"name":"wp","href":"https:\/\/api.w.org\/{rel}","templated":true}]}}