{"id":247620,"date":"2025-07-13T17:39:11","date_gmt":"2025-07-13T17:39:11","guid":{"rendered":"https:\/\/www.europesays.com\/fr\/247620\/"},"modified":"2025-07-13T17:39:11","modified_gmt":"2025-07-13T17:39:11","slug":"classement-general-et-resultats-apres-la-9e-etape","status":"publish","type":"post","link":"https:\/\/www.europesays.com\/fr\/247620\/","title":{"rendered":"Classement g\u00e9n\u00e9ral et r\u00e9sultats apr\u00e8s la 9e \u00e9tape"},"content":{"rendered":"<p>Dimanche, sur les terres berrichonnes, Mathieu van der Poel et Jonas Rickaert (Alpecin-Deceuninck), partis au kilom\u00e8tre 0, ont tent\u00e9 une \u00e9chapp\u00e9e de 173 kilom\u00e8tres. Malheureusement, le N\u00e9erlandais a \u00e9t\u00e9 repris \u00e0 700 m\u00e8tres de l&rsquo;arriv\u00e9e, \u00e0 <a href=\"https:\/\/www.20minutes.fr\/dossier\/chateauroux\" class=\"color-ultramarine c-link\" target=\"_blank\" rel=\"noopener\">Ch\u00e2teauroux<\/a>, rebaptis\u00e9e &lsquo;Cavendish City&rsquo; pour l&rsquo;occasion. La 9e \u00e9tape du <a href=\"https:\/\/www.20minutes.fr\/sport\/tour-de-france\/\" class=\"color-ultramarine c-link\" target=\"_blank\" rel=\"noopener\">Tour de France 2025<\/a> a \u00e9t\u00e9 remport\u00e9e lors du sprint massif par le <a href=\"https:\/\/www.20minutes.fr\/dossier\/belge\" class=\"color-ultramarine c-link\" target=\"_blank\" rel=\"noopener\">Belge<\/a> Tim Merlier (Soudal &#8211; <a href=\"https:\/\/www.20minutes.fr\/dossier\/quick_step\" class=\"color-ultramarine c-link\" target=\"_blank\" rel=\"noopener\">Quick Step<\/a>), d\u00e9j\u00e0 vainqueur de la 3e \u00e9tape de cette \u00e9dition. Il devance le <a href=\"https:\/\/www.20minutes.fr\/sport\/cyclisme\/tour-de-france\/classement-maillot-vert\" class=\"color-ultramarine c-link\" target=\"_blank\" rel=\"noopener\">Maillot Vert<\/a>, Jonathan Milan (Lidl-Trek), d&rsquo;une roue, et son compatriote Arnaud de Lie (Lotto). Le premier fran\u00e7ais, Paul Penho\u00ebt (Groupama-FDJ), est 5e. <\/p>\n<p>Tadej Pogacar conserve le <a href=\"https:\/\/www.20minutes.fr\/sport\/cyclisme\/tour-de-france\/classement-par-equipe\" class=\"color-ultramarine c-link\" target=\"_blank\" rel=\"noopener\">Maillot Jaune<\/a> mais il perd son co\u00e9quipier Joao Almeida (Team UAE Emirates-XRG) sur blessure. Le Portugais a abandonn\u00e9, deux jours apr\u00e8s sa chute survenue lors de la 7e \u00e9tape. <\/p>\n<p class=\"mb-xxl@xs color-ultramarine font-weight-semi-bold@xs font-source-serif-pro heading-s@xs\">L\u2019acc\u00e8s \u00e0 ce contenu a \u00e9t\u00e9 bloqu\u00e9 afin de respecter votre choix de consentement<\/p>\n<p class=\"mb-m@xs text-l@xs\">En cliquant sur\u00ab J\u2019accepte \u00bb, vous acceptez le d\u00e9p\u00f4t de cookies par des services externes et aurez ainsi acc\u00e8s aux contenus de nos partenaires.<\/p>\n<p class=\"mb-xl@xs text-s@xs\">Plus d\u2019informations sur la page<a href=\"https:\/\/www.20minutes.fr\/gestion-cookies\" class=\"mx-xxs@xs color-ultramarine\" target=\"_blank\" rel=\"noopener\">Politique de gestion des cookies<\/a><\/p>\n<p>J\u2019accepteMerlier meilleur que Milan<\/p>\n<p>La tradition a \u00e9t\u00e9 respect\u00e9e \u00e0 Ch\u00e2teauroux dimanche. Les sprinteurs se sont mis en \u00e9vidence sur le final et Tim Merlier s&rsquo;est impos\u00e9, sur les traces du retrait\u00e9 Mark Cavendish. Jonathan Milan (Lidl-Trek) y a cru jusqu&rsquo;au bout mais l&rsquo;Italien s&rsquo;est inclin\u00e9 d&rsquo;une courte t\u00eate. Apr\u00e8s avoir crev\u00e9 samedi dans les derniers kilom\u00e8tres, le Belge a pu se racheter.<\/p>\n<p>Le classement de la 9e \u00e9tape du Tour de France 2025<\/p>\n<ol>\n<li>Tim Merlier &#8211; Soudal &#8211; Quick Step 03h28&rsquo;52\u00a0\u00bb<\/li>\n<li>Jonathan Milan &#8211; Lidl &#8211; Trek \u00e0 0&Prime;<\/li>\n<li>Arnaud De Lie &#8211; Lotto \u00e0 0&Prime;<\/li>\n<li>Pavel Bittner &#8211; Picnic PostNL \u00e0 0&Prime;<\/li>\n<li>Paul Penhoet &#8211; Groupama-FDJ \u00e0 0&Prime;<\/li>\n<li>Biniam Girmay &#8211; Intermarch\u00e9 &#8211; Wanty \u00e0 0&Prime;<\/li>\n<li>Phil Bauhaus &#8211; Bahrain Victorious \u00e0 0&Prime;<\/li>\n<li>Jordi Meeus &#8211; RedBull &#8211; Bora-Hansgrohe \u00e0 0&Prime;<\/li>\n<li>Stian Fredheim &#8211; Uno-X Mobility \u00e0 0&Prime;<\/li>\n<li>Kaden Groves &#8211; Alpecin-Deceuninck \u00e0 0&Prime;<\/li>\n<li>Alexis Renard &#8211; Cofidis \u00e0 0&Prime;<\/li>\n<li>Pascal Ackermann &#8211; Israel &#8211; Premier Tech \u00e0 0&Prime;<\/li>\n<li>Arnaud D\u00e9mare &#8211; Ark\u00e9a &#8211; B&amp;B Hotels \u00e0 0&Prime;<\/li>\n<li>Anthony Turgis &#8211; TotalEnergies \u00e0 0&Prime;<\/li>\n<li>Dylan Groenewegen &#8211; Jayco AlUla \u00e0 0&Prime;<\/li>\n<li>Alberto Dainese &#8211; Tudor \u00e0 0&Prime;<\/li>\n<li>Bastien Tronchon &#8211; Decathlon AG2R La Mondiale \u00e0 0&Prime;<\/li>\n<li>Matteo Trentin &#8211; Tudor \u00e0 0&Prime;<\/li>\n<li>Danny Van Poppel &#8211; RedBull &#8211; Bora-Hansgrohe \u00e0 0&Prime;<\/li>\n<li>Cees Bol &#8211; XDS Astana \u00e0 0&Prime;<\/li>\n<\/ol>\n<p>Le classement g\u00e9n\u00e9ral du Tour de France 2025, apr\u00e8s 9 \u00e9tapes<\/p>\n<ol>\n<li>Tadej Pogacar &#8211; UAE Team Emirates 33h17&rsquo;22\u00a0\u00bb<\/li>\n<li>Remco Evenepoel &#8211; Soudal &#8211; Quick Step \u00e0 54\u00a0\u00bb<\/li>\n<li>K\u00e9vin Vauquelin &#8211; Ark\u00e9a &#8211; B&amp;B Hotels \u00e0 01&rsquo;11\u00a0\u00bb<\/li>\n<li>Jonas Vingegaard &#8211; Visma Lease a Bike \u00e0 01&rsquo;17\u00a0\u00bb<\/li>\n<li>Matteo Jorgenson &#8211; Visma Lease a Bike \u00e0 01&rsquo;34\u00a0\u00bb<\/li>\n<li>Mathieu Van der Poel &#8211; Alpecin-Deceuninck \u00e0 01&rsquo;46\u00a0\u00bb<\/li>\n<li>Oscar Onley &#8211; Picnic PostNL \u00e0 02&rsquo;49\u00a0\u00bb<\/li>\n<li>Florian Lipowitz &#8211; RedBull &#8211; Bora-Hansgrohe \u00e0 03&rsquo;02\u00a0\u00bb<\/li>\n<li>Primoz Roglic &#8211; RedBull &#8211; Bora-Hansgrohe \u00e0 03&rsquo;06\u00a0\u00bb<\/li>\n<li>Mattias Skjelmose Jensen Lidl &#8211; Trek \u00e0 03&rsquo;43\u00a0\u00bb<\/li>\n<\/ol>\n<p><a href=\"https:\/\/www.20minutes.fr\/sport\/cyclisme\/tour-de-france\/classement-maillot-jaune\" class=\"c-link c-btn c-btn--primary\" target=\"_blank\" rel=\"noopener\">Le classement g\u00e9n\u00e9ral complet du Tour de France 2025<\/a><\/p>\n<p>Lundi, les coureurs sont attendus pour l&rsquo;\u00e9tape Ennezat &#8211; Le Mont-Dore, en moyenne montagne, dans le Massif central (165,3 kilom\u00e8tres, 4450 m\u00e8tres de d\u00e9nivel\u00e9 positif).<\/p>\n","protected":false},"excerpt":{"rendered":"Dimanche, sur les terres berrichonnes, Mathieu van der Poel et Jonas Rickaert (Alpecin-Deceuninck), partis au kilom\u00e8tre 0, ont&hellip;\n","protected":false},"author":2,"featured_media":247621,"comment_status":"","ping_status":"","sticky":false,"template":"","format":"standard","meta":{"footnotes":""},"categories":[2],"tags":[11,207,1011,27,4385,12,25,517,1138,210],"class_list":{"0":"post-247620","1":"post","2":"type-post","3":"status-publish","4":"format-standard","5":"has-post-thumbnail","7":"category-actualites","8":"tag-actualites","9":"tag-cyclisme","10":"tag-fr","11":"tag-france","12":"tag-mathieu-van-der-poel","13":"tag-news","14":"tag-republique-francaise","15":"tag-sport","16":"tag-tadej-pogacar","17":"tag-tour-de-france"},"share_on_mastodon":{"url":"https:\/\/pubeurope.com\/@fr\/114847151852298863","error":""},"_links":{"self":[{"href":"https:\/\/www.europesays.com\/fr\/wp-json\/wp\/v2\/posts\/247620","targetHints":{"allow":["GET"]}}],"collection":[{"href":"https:\/\/www.europesays.com\/fr\/wp-json\/wp\/v2\/posts"}],"about":[{"href":"https:\/\/www.europesays.com\/fr\/wp-json\/wp\/v2\/types\/post"}],"author":[{"embeddable":true,"href":"https:\/\/www.europesays.com\/fr\/wp-json\/wp\/v2\/users\/2"}],"replies":[{"embeddable":true,"href":"https:\/\/www.europesays.com\/fr\/wp-json\/wp\/v2\/comments?post=247620"}],"version-history":[{"count":0,"href":"https:\/\/www.europesays.com\/fr\/wp-json\/wp\/v2\/posts\/247620\/revisions"}],"wp:featuredmedia":[{"embeddable":true,"href":"https:\/\/www.europesays.com\/fr\/wp-json\/wp\/v2\/media\/247621"}],"wp:attachment":[{"href":"https:\/\/www.europesays.com\/fr\/wp-json\/wp\/v2\/media?parent=247620"}],"wp:term":[{"taxonomy":"category","embeddable":true,"href":"https:\/\/www.europesays.com\/fr\/wp-json\/wp\/v2\/categories?post=247620"},{"taxonomy":"post_tag","embeddable":true,"href":"https:\/\/www.europesays.com\/fr\/wp-json\/wp\/v2\/tags?post=247620"}],"curies":[{"name":"wp","href":"https:\/\/api.w.org\/{rel}","templated":true}]}}