{"id":247628,"date":"2025-07-13T17:44:10","date_gmt":"2025-07-13T17:44:10","guid":{"rendered":"https:\/\/www.europesays.com\/fr\/247628\/"},"modified":"2025-07-13T17:44:10","modified_gmt":"2025-07-13T17:44:10","slug":"je-me-suis-vraiment-senti-humilie-ce-jour-la-raconte-murray-sur-sa-pire-defaite-contre-federer","status":"publish","type":"post","link":"https:\/\/www.europesays.com\/fr\/247628\/","title":{"rendered":"\u00ab Je me suis vraiment senti humili\u00e9 ce jour-l\u00e0 \u00bb, raconte Murray sur sa pire d\u00e9faite contre Federer"},"content":{"rendered":"<p>                <img decoding=\"async\" src=\"https:\/\/www.europesays.com\/fr\/wp-content\/uploads\/2025\/07\/hixq.jpg\" alt=\"\u00ab Je me suis vraiment senti humili\u00e9 ce jour-l\u00e0 \u00bb, raconte Murray sur sa pire d\u00e9faite contre Federer\"\/><\/p>\n<p>Depuis l\u2019arr\u00eat de sa collaboration avec Novak Djokovic, Andy Murray prend le temps d\u2019appara\u00eetre pour quelques interviews dans les m\u00e9dias.<\/p>\n<p>Il \u00e9tait r\u00e9cemment l\u2019invit\u00e9 de la cha\u00eene YouTube The Tennis Mentor pour parler de sa carri\u00e8re. Lorsqu\u2019il lui a \u00e9t\u00e9 demand\u00e9 de mentionner un match durant lequel il s\u2019est senti humili\u00e9, l\u2019ancien n\u00b01 mondial et double vainqueur de Wimbledon a r\u00e9pondu ceci :<\/p>\n<p>\u00ab Je dirais que l\u2019un des matchs o\u00f9 j\u2019ai \u00e9t\u00e9 le plus humili\u00e9 \u00e9tait \u00e0 l\u2019O2 Arena, pendant les ATP Finals. C\u2019\u00e9tait contre Federer. Je ne me souviens plus si le score \u00e9tait de 6-0, 5-0. Mais je suis certain qu\u2019il y avait au moins 6-0, 3-0 avant que je gagne mon premier jeu.<\/p>\n<p>Il jouait tr\u00e8s bien et je jouais tr\u00e8s mal. C\u2019\u00e9tait devant mon public, dans un grand stade. C&rsquo;est la seule fois de ma carri\u00e8re o\u00f9 j&rsquo;ai esp\u00e9r\u00e9 gagner un jeu. Je me suis vraiment senti humili\u00e9 ce jour-l\u00e0. \u00bb<\/p>\n<p>Murray avait \u00e9t\u00e9 proche de ne pas marquer le moindre jeu dans ce match de la phase de groupes du Masters 2014. Il s\u2019\u00e9tait retrouv\u00e9 men\u00e9 6-0, 5-0, et 0-30 sur son service, avant de finalement inscrire un jeu pour sauver l\u2019honneur. Federer, impitoyable, avait conclu la rencontre dans la foul\u00e9e en 56 minutes de jeu.<\/p>\n","protected":false},"excerpt":{"rendered":"Depuis l\u2019arr\u00eat de sa collaboration avec Novak Djokovic, Andy Murray prend le temps d\u2019appara\u00eetre pour quelques interviews dans&hellip;\n","protected":false},"author":2,"featured_media":247629,"comment_status":"","ping_status":"","sticky":false,"template":"","format":"standard","meta":{"footnotes":""},"categories":[1415],"tags":[1011,27,60,1467],"class_list":{"0":"post-247628","1":"post","2":"type-post","3":"status-publish","4":"format-standard","5":"has-post-thumbnail","7":"category-tennis","8":"tag-fr","9":"tag-france","10":"tag-sports","11":"tag-tennis"},"share_on_mastodon":{"url":"https:\/\/pubeurope.com\/@fr\/114847171430443435","error":""},"_links":{"self":[{"href":"https:\/\/www.europesays.com\/fr\/wp-json\/wp\/v2\/posts\/247628","targetHints":{"allow":["GET"]}}],"collection":[{"href":"https:\/\/www.europesays.com\/fr\/wp-json\/wp\/v2\/posts"}],"about":[{"href":"https:\/\/www.europesays.com\/fr\/wp-json\/wp\/v2\/types\/post"}],"author":[{"embeddable":true,"href":"https:\/\/www.europesays.com\/fr\/wp-json\/wp\/v2\/users\/2"}],"replies":[{"embeddable":true,"href":"https:\/\/www.europesays.com\/fr\/wp-json\/wp\/v2\/comments?post=247628"}],"version-history":[{"count":0,"href":"https:\/\/www.europesays.com\/fr\/wp-json\/wp\/v2\/posts\/247628\/revisions"}],"wp:featuredmedia":[{"embeddable":true,"href":"https:\/\/www.europesays.com\/fr\/wp-json\/wp\/v2\/media\/247629"}],"wp:attachment":[{"href":"https:\/\/www.europesays.com\/fr\/wp-json\/wp\/v2\/media?parent=247628"}],"wp:term":[{"taxonomy":"category","embeddable":true,"href":"https:\/\/www.europesays.com\/fr\/wp-json\/wp\/v2\/categories?post=247628"},{"taxonomy":"post_tag","embeddable":true,"href":"https:\/\/www.europesays.com\/fr\/wp-json\/wp\/v2\/tags?post=247628"}],"curies":[{"name":"wp","href":"https:\/\/api.w.org\/{rel}","templated":true}]}}