{"id":247630,"date":"2025-07-13T17:46:13","date_gmt":"2025-07-13T17:46:13","guid":{"rendered":"https:\/\/www.europesays.com\/fr\/247630\/"},"modified":"2025-07-13T17:46:13","modified_gmt":"2025-07-13T17:46:13","slug":"bagnaia-sur-le-podium-en-allemagne-que-je-parte-devant-ou-derriere-je-termine-3e","status":"publish","type":"post","link":"https:\/\/www.europesays.com\/fr\/247630\/","title":{"rendered":"Bagnaia, sur le podium en Allemagne : \u00ab Que je parte devant ou derri\u00e8re, je termine 3e \u00bb"},"content":{"rendered":"<p>La fin de week-end en Allemagne s\u2019annon\u00e7ait compliqu\u00e9e pour Francesco Bagnaia. Seulement onzi\u00e8me sur la grille apr\u00e8s des qualifications manqu\u00e9es, l\u2019Italien n\u2019a pris, samedi, qu\u2019une anecdotique 11e place \u00e0 l\u2019issue de la course sprint. Logiquement, ce dimanche, pour la course principale sur le Sachsenring, m\u00eame si les conditions \u00e9taient meilleures, on pouvait s\u2019attendre \u00e0 pareille issue.<\/p>\n<p>Pourtant, le pilote Ducati n\u2019a rien l\u00e2ch\u00e9. Ainsi, Pecco a r\u00e9alis\u00e9 un tr\u00e8s bon d\u00e9but de course et s\u2019est vite retrouv\u00e9 dans le sillage de Johann Zarco, qui avait r\u00e9trograd\u00e9 au 5e rang malgr\u00e9 une deuxi\u00e8me place sur la grille. Le champion du monde 2023 d\u00e9passait ensuite le Fran\u00e7ais et semblait tout droit se diriger vers un top 5. En effet, les quatre premiers, Marc M\u00e1rquez, Fabio Di Giannantonio, Marco Bezzecchi et Alex M\u00e1rquez creusaient peu \u00e0 peu \u00e0 l\u2019\u00e9cart.<\/p>\n<p>Mais, \u00e0 partir du 18e tour, soit peu apr\u00e8s la mi-course, plusieurs chutes intervenaient. Fabio Di Giannantonio ouvrait le bal, suivi par Johann Zarco. Puis, \u00e0 10 tours du but, Marco Bezzecchi commettait une erreur au virage 1 et abandonnait ses espoirs de podium. Ainsi, Bagnaia, malgr\u00e9 son manque de rythme, en profitait pour grimper en troisi\u00e8me position et la conserver jusqu\u2019au drapeau \u00e0 damier.<\/p>\n<p>Bagnaia : \u00ab C\u2019\u00e9tait assez pi\u00e9geux \u00e0 certains endroits \u00bb<\/p>\n<p>Forc\u00e9ment, \u00e0 la descente de la moto, l\u2019Italien affichait un grand sourire : \u00ab Les conditions \u00e9taient tr\u00e8s bonnes. Mais, la piste, vraiment, \u00e0 certains moments, \u00e9tait assez pi\u00e9geuse. Je suis content d\u2019\u00eatre rest\u00e9 sur la moto. \u00bb<\/p>\n<p>\u00ab En fait, j\u2019ai l\u2019impression que cette ann\u00e9e \u00e7a ne change rien que je parte derri\u00e8re ou devant, je termine au mieux troisi\u00e8me \u00bb, admettait encore le co\u00e9quipier de Marc M\u00e1rquez au micro du <a href=\"https:\/\/www.autohebdo.fr\/actualites\/motogp\" data-internallinksmanager029f6b8e52c=\"4\" title=\"MotoGP\" rel=\"nofollow noopener\" target=\"_blank\">MotoGP<\/a>.<\/p>\n<p>\u00ab Je remercie l\u2019\u00e9quipe comme toujours, ils ont donn\u00e9 leur maximum pour moi. Il faut continuer de travailler pour essayer de r\u00e9duire cet \u00e9cart. On doit garder le c\u00f4t\u00e9 positif en regardant devant \u00e0 Brno \u00bb, concluait Francesco Bagnaia.<\/p>\n<p><strong>\u00c0 LIRE AUSSI &gt; <a href=\"https:\/\/www.autohebdo.fr\/actualites\/motogp\/motogp-gp-allemagne-course.html\" target=\"_blank\" rel=\"noopener nofollow\">GP d\u2019Allemagne \u2013 Course : Et de 9 pour Marc Marquez au Sachsenring, Fabio Quartararo au pied du podium<\/a><\/strong><\/p>\n","protected":false},"excerpt":{"rendered":"La fin de week-end en Allemagne s\u2019annon\u00e7ait compliqu\u00e9e pour Francesco Bagnaia. Seulement onzi\u00e8me sur la grille apr\u00e8s des&hellip;\n","protected":false},"author":2,"featured_media":247631,"comment_status":"","ping_status":"","sticky":false,"template":"","format":"standard","meta":{"footnotes":""},"categories":[1413],"tags":[1011,27,1457,1456,60],"class_list":{"0":"post-247630","1":"post","2":"type-post","3":"status-publish","4":"format-standard","5":"has-post-thumbnail","7":"category-moto","8":"tag-fr","9":"tag-france","10":"tag-moto","11":"tag-motocycle","12":"tag-sports"},"share_on_mastodon":{"url":"https:\/\/pubeurope.com\/@fr\/114847179274662618","error":""},"_links":{"self":[{"href":"https:\/\/www.europesays.com\/fr\/wp-json\/wp\/v2\/posts\/247630","targetHints":{"allow":["GET"]}}],"collection":[{"href":"https:\/\/www.europesays.com\/fr\/wp-json\/wp\/v2\/posts"}],"about":[{"href":"https:\/\/www.europesays.com\/fr\/wp-json\/wp\/v2\/types\/post"}],"author":[{"embeddable":true,"href":"https:\/\/www.europesays.com\/fr\/wp-json\/wp\/v2\/users\/2"}],"replies":[{"embeddable":true,"href":"https:\/\/www.europesays.com\/fr\/wp-json\/wp\/v2\/comments?post=247630"}],"version-history":[{"count":0,"href":"https:\/\/www.europesays.com\/fr\/wp-json\/wp\/v2\/posts\/247630\/revisions"}],"wp:featuredmedia":[{"embeddable":true,"href":"https:\/\/www.europesays.com\/fr\/wp-json\/wp\/v2\/media\/247631"}],"wp:attachment":[{"href":"https:\/\/www.europesays.com\/fr\/wp-json\/wp\/v2\/media?parent=247630"}],"wp:term":[{"taxonomy":"category","embeddable":true,"href":"https:\/\/www.europesays.com\/fr\/wp-json\/wp\/v2\/categories?post=247630"},{"taxonomy":"post_tag","embeddable":true,"href":"https:\/\/www.europesays.com\/fr\/wp-json\/wp\/v2\/tags?post=247630"}],"curies":[{"name":"wp","href":"https:\/\/api.w.org\/{rel}","templated":true}]}}