{"id":247650,"date":"2025-07-13T17:56:09","date_gmt":"2025-07-13T17:56:09","guid":{"rendered":"https:\/\/www.europesays.com\/fr\/247650\/"},"modified":"2025-07-13T17:56:09","modified_gmt":"2025-07-13T17:56:09","slug":"les-hommes-reperent-ils-vraiment-les-femmes-fertiles-a-leur-odeur-une-etude-serieuse-remet-tout-en-cause","status":"publish","type":"post","link":"https:\/\/www.europesays.com\/fr\/247650\/","title":{"rendered":"Les hommes rep\u00e8rent-ils vraiment les femmes fertiles \u00e0 leur odeur ? Une \u00e9tude s\u00e9rieuse remet tout en cause"},"content":{"rendered":"<p dir=\"ltr\">Et si les hommes avaient un super pouvoir olfactif pour rep\u00e9rer les jours fertiles chez les femmes ? Des chercheurs ont voulu tester cette id\u00e9e.<\/p>\n<p>Depuis des d\u00e9cennies, une id\u00e9e persiste dans la culture populaire et la science : les hommes auraient la capacit\u00e9 de d\u00e9tecter, sans m\u00eame s&rsquo;en rendre compte, la p\u00e9riode d&rsquo;ovulation des femmes gr\u00e2ce \u00e0 leur odeur corporelle. Or, une r\u00e9cente \u00e9tude allemande, parue dans la revue scientifique <a href=\"https:\/\/royalsocietypublishing.org\/doi\/10.1098\/rspb.2023.2712\" target=\"_blank\" rel=\"noopener\">Proceedings of the Royal Society B<\/a>, apporte un \u00e9clairage nouveau sur le sujet.<\/p>\n<p>L\u2019odeur corporelle f\u00e9minine varie-t-elle vraiment selon le cycle ?<\/p>\n<p>Les chercheurs du d\u00e9partement de comportement humain, d&rsquo;<a href=\"https:\/\/www.futura-sciences.com\/planete\/definitions\/developpement-durable-ecologie-133\/\" class=\"typographies__SpanLink-sc-9uspqk-3 BjSPB\" universe=\"health\" target=\"_blank\" rel=\"noopener\">\u00e9cologie<\/a>\u00e9cologie et de culture de Leipzig, ont voulu tester cette hypoth\u00e8se de mani\u00e8re pr\u00e9cise : <a href=\"https:\/\/www.futura-sciences.com\/sante\/questions-reponses\/corps-humain-odeur-corporelle-sueur-odeur-desagreable-209\/\" title=\"Odeur corporelle et sueur : pourquoi une odeur d\u00e9sagr\u00e9able ?\" target=\"_blank\" rel=\"noopener\">l\u2019odeur corporelle<\/a> des femmes change-t-elle pendant le cycle menstruel ? Et les hommes y sont-ils sensibles, surtout pendant l&rsquo;ovulation ?<\/p>\n<p>Pour y voir clair, Madita Zetzsche, biologiste et premi\u00e8re\u00a0autrice de l&rsquo;\u00e9tude, a utilis\u00e9 deux approches compl\u00e9mentaires en analysant d&rsquo;un c\u00f4t\u00e9 la composition des odeurs et en demandant \u00e0 des hommes ce qu&rsquo;ils ressentaient en les sentant.<\/p>\n<p>Vingt-neuf femmes ont particip\u00e9 \u00e0 l&rsquo;exp\u00e9rience : elles ont port\u00e9 des compresses absorbantes sous les aisselles pendant dix jours r\u00e9partis sur\u00a0<a href=\"https:\/\/www.futura-sciences.com\/sante\/dossiers\/medecine-infertilite-sterilite-963\/page\/2\/\" title=\"Cycle de la femme : le cycle menstruel\" target=\"_blank\" rel=\"noopener\">un cycle menstruel<\/a> complet, avec un suivi hormonal permettant d&rsquo;identifier pr\u00e9cis\u00e9ment la phase fertile.<\/p>\n<p>Parall\u00e8lement, 91 hommes ont \u00e9t\u00e9 invit\u00e9s \u00e0 sentir les \u00e9chantillons r\u00e9colt\u00e9s, \u00e0 l&rsquo;aveugle, et \u00e0 \u00e9valuer leur attractivit\u00e9. En compl\u00e9ment, pour 16 des femmes, les chercheurs ont aussi analys\u00e9 la composition chimique des \u00e9chantillons afin de d\u00e9tecter si les odeurs diff\u00e9raient entre les jours fertiles et infertiles.<\/p>\n<p>Aucun signal d\u00e9tect\u00e9, ni par le nez\u00a0ni par la chimie<\/p>\n<p>Les r\u00e9sultats sont sans appel : les hommes n&rsquo;ont pas trouv\u00e9 l&rsquo;odeur des femmes plus attirante pendant leurs jours fertiles. De plus, les analyses chimiques n&rsquo;ont pas montr\u00e9 de changements particuliers dans l&rsquo;odeur li\u00e9s \u00e0 <a href=\"https:\/\/www.futura-sciences.com\/sante\/questions-reponses\/grossesse-grossesse-calculer-date-ovulation-6532\/\" title=\"Grossesse : comment calculer sa date d&#039;ovulation ?\" target=\"_blank\" rel=\"noopener\">l\u2019ovulation<\/a>. En r\u00e9sum\u00e9, ni les hommes ni les instruments n&rsquo;ont d\u00e9tect\u00e9 de parfum sp\u00e9cial \u00e0 ce moment du cycle.<\/p>\n<p>Cette \u00e9tude vient ainsi contredire plusieurs travaux ant\u00e9rieurs, mais selon Madita Zetzsche, cela pourrait s&rsquo;expliquer par une m\u00e9thodologie plus rigoureuse\u00a0: \u00ab dans la plupart des \u00e9tudes pr\u00e9c\u00e9dentes, les jours de fertilit\u00e9 des femmes \u00e9taient d\u00e9termin\u00e9s uniquement en fonction de la <a href=\"https:\/\/www.futura-sciences.com\/sciences\/definitions\/physique-duree-14966\/\" class=\"typographies__SpanLink-sc-9uspqk-3 BjSPB\" universe=\"health\" target=\"_blank\" rel=\"noopener\">dur\u00e9e<\/a>dur\u00e9e de leur cycle, alors que la nouvelle analyse confirme \u00e9galement le jour de l&rsquo;ovulation \u00e0 l&rsquo;aide d&rsquo;hormones, ce qui est beaucoup plus pr\u00e9cis \u00bb.\u00a0<\/p>\n<p>Cela ne signifie pas que <a href=\"https:\/\/www.futura-sciences.com\/sante\/actualites\/cerveau-odorat-joue-role-memoire-75942\/\" title=\"L&#039;odorat joue un r\u00f4le dans la m\u00e9moire\" target=\"_blank\" rel=\"noopener\">l\u2019odorat<\/a> n&rsquo;a aucun r\u00f4le dans l&rsquo;attirance, mais plut\u00f4t que les choses sont plus nuanc\u00e9es qu&rsquo;on ne le pensait. Les chercheurs eux-m\u00eames appellent \u00e0 poursuivre les investigations, avec des outils encore plus pr\u00e9cis et des <a href=\"https:\/\/www.futura-sciences.com\/tech\/definitions\/tech-protocole-1285\/\" class=\"typographies__SpanLink-sc-9uspqk-3 BjSPB\" universe=\"health\" target=\"_blank\" rel=\"noopener\">protocoles<\/a>protocoles partag\u00e9s.\u00a0<\/p>\n<p>\u00c0 l&rsquo;heure o\u00f9 les sciences du comportement humain progressent, ces r\u00e9sultats rappellent que nos relations ne se r\u00e9sument ni \u00e0 des hormones, ni \u00e0 des instincts cach\u00e9s, mais \u00e0 un m\u00e9lange subtil d&rsquo;<a href=\"https:\/\/www.futura-sciences.com\/sante\/questions-reponses\/sentiments-cerveau-chimie-guide-t-elle-nos-emotions-7505\/\" title=\"Cerveau : la chimie guide-t-elle nos \u00e9motions ?\" target=\"_blank\" rel=\"noopener\">\u00e9motions<\/a>, de contexte&#8230; et de myst\u00e8re.<\/p>\n","protected":false},"excerpt":{"rendered":"Et si les hommes avaient un super pouvoir olfactif pour rep\u00e9rer les jours fertiles chez les femmes ?&hellip;\n","protected":false},"author":2,"featured_media":247651,"comment_status":"","ping_status":"","sticky":false,"template":"","format":"standard","meta":{"footnotes":""},"categories":[10],"tags":[38806,13234,19899,1011,27,72,38804,38807,38803,38802,38805,38808,71,8703],"class_list":{"0":"post-247650","1":"post","2":"type-post","3":"status-publish","4":"format-standard","5":"has-post-thumbnail","7":"category-sante","8":"tag-activite-hormonale","9":"tag-cycle-menstruel","10":"tag-fertilite","11":"tag-fr","12":"tag-france","13":"tag-health","14":"tag-hormones-feminines","15":"tag-odeur-corporelle","16":"tag-odeurs","17":"tag-odorat","18":"tag-ovulation","19":"tag-recepteur-olfactif","20":"tag-sante","21":"tag-sexualite"},"share_on_mastodon":{"url":"https:\/\/pubeurope.com\/@fr\/114847218744865036","error":""},"_links":{"self":[{"href":"https:\/\/www.europesays.com\/fr\/wp-json\/wp\/v2\/posts\/247650","targetHints":{"allow":["GET"]}}],"collection":[{"href":"https:\/\/www.europesays.com\/fr\/wp-json\/wp\/v2\/posts"}],"about":[{"href":"https:\/\/www.europesays.com\/fr\/wp-json\/wp\/v2\/types\/post"}],"author":[{"embeddable":true,"href":"https:\/\/www.europesays.com\/fr\/wp-json\/wp\/v2\/users\/2"}],"replies":[{"embeddable":true,"href":"https:\/\/www.europesays.com\/fr\/wp-json\/wp\/v2\/comments?post=247650"}],"version-history":[{"count":0,"href":"https:\/\/www.europesays.com\/fr\/wp-json\/wp\/v2\/posts\/247650\/revisions"}],"wp:featuredmedia":[{"embeddable":true,"href":"https:\/\/www.europesays.com\/fr\/wp-json\/wp\/v2\/media\/247651"}],"wp:attachment":[{"href":"https:\/\/www.europesays.com\/fr\/wp-json\/wp\/v2\/media?parent=247650"}],"wp:term":[{"taxonomy":"category","embeddable":true,"href":"https:\/\/www.europesays.com\/fr\/wp-json\/wp\/v2\/categories?post=247650"},{"taxonomy":"post_tag","embeddable":true,"href":"https:\/\/www.europesays.com\/fr\/wp-json\/wp\/v2\/tags?post=247650"}],"curies":[{"name":"wp","href":"https:\/\/api.w.org\/{rel}","templated":true}]}}