{"id":247654,"date":"2025-07-13T17:58:11","date_gmt":"2025-07-13T17:58:11","guid":{"rendered":"https:\/\/www.europesays.com\/fr\/247654\/"},"modified":"2025-07-13T17:58:11","modified_gmt":"2025-07-13T17:58:11","slug":"pourquoi-on-ne-pourra-plus-regarder-south-park-en-france-des-ce-lundi","status":"publish","type":"post","link":"https:\/\/www.europesays.com\/fr\/247654\/","title":{"rendered":"Pourquoi on ne pourra plus regarder South Park en France d\u00e8s ce lundi"},"content":{"rendered":"<p>Fan de <a href=\"https:\/\/www.20minutes.fr\/dossier\/south_park\" class=\"color-ultramarine c-link\" target=\"_blank\" rel=\"noopener\">South Park<\/a> de la premi\u00e8re heure, cela fait 28 ans que vous vous d\u00e9lectez de l&rsquo;humour noir de la s\u00e9rie anim\u00e9e\u00a0? On vous conseille de r\u00e9server votre dimanche soir \u00e0 revoir vos \u00e9pisodes pr\u00e9f\u00e9r\u00e9s plut\u00f4t que d\u2019aller guincher au bal des pompiers\u2026 En effet, \u00e0 compter de ce dimanche minuit, les 26 saisons, actuellement disponibles sur Paramount +\u00a0via MyCanal ou <a href=\"https:\/\/www.20minutes.fr\/arts-stars\/culture\/amazon-prime-video\/\" class=\"color-ultramarine c-link\" target=\"_blank\" rel=\"noopener\">Amazon Prime<\/a>, vont dispara\u00eetre de la plateforme. C\u2019est un diff\u00e9rend autour des droits de diffusion entre les cr\u00e9ateurs de la s\u00e9rie et Paramount qui prive les fans fran\u00e7ais de la s\u00e9rie culte. En clair, la licence de Paramount +\u00a0pour diffuser la s\u00e9rie \u00e0 l\u2019international a expir\u00e9 et les n\u00e9gociations pour le renouvellement de la licence sont toujours en cours.<\/p>\n<\/p>\n<p>La fusion de Paramount Global avec le groupe Skydance serait la principale cause de d\u00e9saccord. Ce dernier \u00e9tant soup\u00e7onn\u00e9 de vouloir arr\u00eater la s\u00e9rie jugeant que le co\u00fbt des droits de la s\u00e9rie, estim\u00e9e \u00e0 200\u00a0millions de dollars par an, serait trop \u00e9lev\u00e9.<\/p>\n<p>Selon <a href=\"https:\/\/www.hollywoodreporter.com\/business\/business-news\/south-park-creators-threaten-legal-action-deal-1236297367\/\" target=\"_blank\" class=\"color-ultramarine c-link\" rel=\"noopener\">The Hollywood Reporter,<\/a> Parker et Stone ont menac\u00e9 d\u2019intenter une action en justice contre Paramount, accusant le nouveau pr\u00e9sident Jeff Shell d\u2019interf\u00e9rer dans leurs n\u00e9gociations contractuelles avec Warner Bros. Discovery (WBD) et <a href=\"https:\/\/www.20minutes.fr\/dossier\/netflix\" class=\"color-ultramarine c-link\" target=\"_blank\" rel=\"noopener\">Netflix<\/a>.<\/p>\n<p>Aux Etats-Unis, la saison 27 initialement pr\u00e9vue le 9\u00a0juillet est attendue sur Comedy Central \u00e0 partir du 23\u00a0juillet prochain.<\/p>\n","protected":false},"excerpt":{"rendered":"Fan de South Park de la premi\u00e8re heure, cela fait 28 ans que vous vous d\u00e9lectez de l&rsquo;humour&hellip;\n","protected":false},"author":2,"featured_media":247655,"comment_status":"","ping_status":"","sticky":false,"template":"","format":"standard","meta":{"footnotes":""},"categories":[8],"tags":[518,10474,58,59,73,1011,27,521,38497,252],"class_list":{"0":"post-247654","1":"post","2":"type-post","3":"status-publish","4":"format-standard","5":"has-post-thumbnail","7":"category-divertissement","8":"tag-amazon-prime-video","9":"tag-canal","10":"tag-divertissement","11":"tag-entertainment","12":"tag-etats-unis","13":"tag-fr","14":"tag-france","15":"tag-serie","16":"tag-south-park","17":"tag-television"},"share_on_mastodon":{"url":"https:\/\/pubeurope.com\/@fr\/114847226723202689","error":""},"_links":{"self":[{"href":"https:\/\/www.europesays.com\/fr\/wp-json\/wp\/v2\/posts\/247654","targetHints":{"allow":["GET"]}}],"collection":[{"href":"https:\/\/www.europesays.com\/fr\/wp-json\/wp\/v2\/posts"}],"about":[{"href":"https:\/\/www.europesays.com\/fr\/wp-json\/wp\/v2\/types\/post"}],"author":[{"embeddable":true,"href":"https:\/\/www.europesays.com\/fr\/wp-json\/wp\/v2\/users\/2"}],"replies":[{"embeddable":true,"href":"https:\/\/www.europesays.com\/fr\/wp-json\/wp\/v2\/comments?post=247654"}],"version-history":[{"count":0,"href":"https:\/\/www.europesays.com\/fr\/wp-json\/wp\/v2\/posts\/247654\/revisions"}],"wp:featuredmedia":[{"embeddable":true,"href":"https:\/\/www.europesays.com\/fr\/wp-json\/wp\/v2\/media\/247655"}],"wp:attachment":[{"href":"https:\/\/www.europesays.com\/fr\/wp-json\/wp\/v2\/media?parent=247654"}],"wp:term":[{"taxonomy":"category","embeddable":true,"href":"https:\/\/www.europesays.com\/fr\/wp-json\/wp\/v2\/categories?post=247654"},{"taxonomy":"post_tag","embeddable":true,"href":"https:\/\/www.europesays.com\/fr\/wp-json\/wp\/v2\/tags?post=247654"}],"curies":[{"name":"wp","href":"https:\/\/api.w.org\/{rel}","templated":true}]}}