{"id":247662,"date":"2025-07-13T18:02:10","date_gmt":"2025-07-13T18:02:10","guid":{"rendered":"https:\/\/www.europesays.com\/fr\/247662\/"},"modified":"2025-07-13T18:02:10","modified_gmt":"2025-07-13T18:02:10","slug":"en-direct-budget-des-armees-emmanuel-macron-annonce-64-milliards-deuros-pour-la-defense-en-2027","status":"publish","type":"post","link":"https:\/\/www.europesays.com\/fr\/247662\/","title":{"rendered":"EN DIRECT &#8211; Budget des arm\u00e9es : Emmanuel Macron annonce \u00ab\u00a064 milliards d&rsquo;euros pour la d\u00e9fense en 2027\u00a0\u00bb"},"content":{"rendered":"<p>\u00ab\u00a0Tout peut advenir\u00a0\u00bb, met encore en garde Emmanuel Macron apr\u00e8s des derni\u00e8res ann\u00e9es marqu\u00e9es par \u00ab\u00a0l&rsquo;impensable\u00a0\u00bb. Et encore une \u00ab\u00a0acc\u00e9l\u00e9ration\u00a0\u00bb ces derniers temps, insiste le pr\u00e9sident, \u00e9gr\u00e9nant les th\u00e9\u00e2tres de crise : guerre en Iran, entre l&rsquo;Inde et le Pakistan, \u00ab\u00a0les \u00e0-coups dans le soutien am\u00e9ricain \u00e0 l&rsquo;Ukraine, la guerre commerciale entre alli\u00e9s\u00a0\u00bb, \u00ab\u00a0le retour du fait nucl\u00e9aire, prolif\u00e9ration des conflits majeurs\u00a0\u00bb&#8230;<\/p>\n<p>La nation \u00ab\u00a0est confront\u00e9e \u00e0 toutes ces menaces hybrides, \u00e0 cette acc\u00e9l\u00e9ration de l&rsquo;Histoire\u00a0\u00bb, \u00ab\u00a0il n&rsquo;y a plus d&rsquo;arri\u00e8re et plus de front, les conflits sont multi-formes, multi-champs\u00a0\u00bb, poursuit Emmanuel Macron. \u00ab\u00a0Ils supposent de durcir nos capacit\u00e9s, nos forces set la nation dans son entier. Nous y arriverons\u00a0\u00bb, promet-il. \u00ab\u00a0\u00c0 cet \u00e9gard, il ne suffit pas de viser des pourcentages de budget, mais de viser ce qui nous \u00e9l\u00e8ve et nous unit, une force d&rsquo;\u00e2me, une d\u00e9termination\u00a0\u00bb, lance-t-il. \u00ab\u00a0Pour \u00eatre libres dans ce monde, il faut \u00eatre craint. Pour \u00eatre craint, il faut \u00eatre puissant. La Nation, pour cela, doit \u00eatre plus forte.\u00a0\u00bb<\/p>\n","protected":false},"excerpt":{"rendered":"\u00ab\u00a0Tout peut advenir\u00a0\u00bb, met encore en garde Emmanuel Macron apr\u00e8s des derni\u00e8res ann\u00e9es marqu\u00e9es par \u00ab\u00a0l&rsquo;impensable\u00a0\u00bb. Et encore&hellip;\n","protected":false},"author":2,"featured_media":247663,"comment_status":"","ping_status":"","sticky":false,"template":"","format":"standard","meta":{"footnotes":""},"categories":[4],"tags":[38810,1111,11,1921,1013,1073,5582,1011,27,432,1922,12,25,132,11067,364,133,4530],"class_list":{"0":"post-247662","1":"post","2":"type-post","3":"status-publish","4":"format-standard","5":"has-post-thumbnail","7":"category-france","8":"tag-40-milliards-deuros-a-trouver-pour-2026-bayrou-va-devoiler-un-budget-choc","9":"tag-actu","10":"tag-actualites","11":"tag-article-video","12":"tag-bruno-retailleau","13":"tag-emmanuel-macron","14":"tag-forces-de-lordre-armee-pompiers","15":"tag-fr","16":"tag-france","17":"tag-gerald-darmanin","18":"tag-info","19":"tag-news","20":"tag-republique-francaise","21":"tag-russie","22":"tag-sebastien-lecornu","23":"tag-union-europeenne","24":"tag-video","25":"tag-video-politique"},"share_on_mastodon":{"url":"https:\/\/pubeurope.com\/@fr\/114847242226509860","error":""},"_links":{"self":[{"href":"https:\/\/www.europesays.com\/fr\/wp-json\/wp\/v2\/posts\/247662","targetHints":{"allow":["GET"]}}],"collection":[{"href":"https:\/\/www.europesays.com\/fr\/wp-json\/wp\/v2\/posts"}],"about":[{"href":"https:\/\/www.europesays.com\/fr\/wp-json\/wp\/v2\/types\/post"}],"author":[{"embeddable":true,"href":"https:\/\/www.europesays.com\/fr\/wp-json\/wp\/v2\/users\/2"}],"replies":[{"embeddable":true,"href":"https:\/\/www.europesays.com\/fr\/wp-json\/wp\/v2\/comments?post=247662"}],"version-history":[{"count":0,"href":"https:\/\/www.europesays.com\/fr\/wp-json\/wp\/v2\/posts\/247662\/revisions"}],"wp:featuredmedia":[{"embeddable":true,"href":"https:\/\/www.europesays.com\/fr\/wp-json\/wp\/v2\/media\/247663"}],"wp:attachment":[{"href":"https:\/\/www.europesays.com\/fr\/wp-json\/wp\/v2\/media?parent=247662"}],"wp:term":[{"taxonomy":"category","embeddable":true,"href":"https:\/\/www.europesays.com\/fr\/wp-json\/wp\/v2\/categories?post=247662"},{"taxonomy":"post_tag","embeddable":true,"href":"https:\/\/www.europesays.com\/fr\/wp-json\/wp\/v2\/tags?post=247662"}],"curies":[{"name":"wp","href":"https:\/\/api.w.org\/{rel}","templated":true}]}}