{"id":247666,"date":"2025-07-13T18:04:11","date_gmt":"2025-07-13T18:04:11","guid":{"rendered":"https:\/\/www.europesays.com\/fr\/247666\/"},"modified":"2025-07-13T18:04:11","modified_gmt":"2025-07-13T18:04:11","slug":"firminy-lhistoire-de-francois-felix-verdie-ce-maitre-de-forges-venu-des-pyrenees","status":"publish","type":"post","link":"https:\/\/www.europesays.com\/fr\/247666\/","title":{"rendered":"Firminy. L\u2019histoire de Fran\u00e7ois-F\u00e9lix Verdi\u00e9, ce ma\u00eetre de forges venu des Pyr\u00e9n\u00e9es"},"content":{"rendered":"<p>N\u00e9 \u00e0 Teilhet, petite commune de l\u2019Ari\u00e8ge, le 28\u00a0mars\u00a01810, Fran\u00e7ois-F\u00e9lix Verdi\u00e9 est le second enfant d\u2019une fratrie de huit. Son p\u00e8re est ouvrier \u00e9tireur. Fran\u00e7ois-F\u00e9lix ne re\u00e7oit dans la petite \u00e9cole de son village qu\u2019une instruction \u00e9l\u00e9mentaire. Tr\u00e8s jeune, il commence son apprentissage d\u2019ouvrier \u00e9tireur, sous les yeux de son p\u00e8re, aux Forges de Manses dans la commune de Teilhet.<\/p>\n<p>\u00c0 17 ans, il abandonne le foyer paternel pour faire son tour de France. Il travaille successivement \u00e0 Pamiers, Toulouse, Albi et Saint-\u00c9tienne. En 1831, il entre aux forges d\u2019Assailly pr\u00e8s de Rive-de-Gier, chez Jackson. Il est alors un bon sp\u00e9cialiste.<\/p>\n<p>Le 20\u00a0janvier\u00a01836, il se marie \u00e0 Saint-Paul-en-Jarez avec la fille d\u2019un m\u00e9canicien, Marie Marrel. Leur premier enfant, Fran\u00e7oise, na\u00eet le 27\u00a0octobre\u00a01836.<\/p>\n<p>En&#8230;<\/p>\n","protected":false},"excerpt":{"rendered":"N\u00e9 \u00e0 Teilhet, petite commune de l\u2019Ari\u00e8ge, le 28\u00a0mars\u00a01810, Fran\u00e7ois-F\u00e9lix Verdi\u00e9 est le second enfant d\u2019une fratrie de&hellip;\n","protected":false},"author":2,"featured_media":247667,"comment_status":"","ping_status":"","sticky":false,"template":"","format":"standard","meta":{"footnotes":""},"categories":[9653],"tags":[1111,11,2430,7539,1777,674,10282,10283,1011,27,937,12,25,4001,104],"class_list":{"0":"post-247666","1":"post","2":"type-post","3":"status-publish","4":"format-standard","5":"has-post-thumbnail","7":"category-saint-etienne","8":"tag-actu","9":"tag-actualites","10":"tag-auvergne-rhone-alpes","11":"tag-edition-loire-sud","12":"tag-eu","13":"tag-europe","14":"tag-firminy","15":"tag-firminy-ville","16":"tag-fr","17":"tag-france","18":"tag-histoire","19":"tag-news","20":"tag-republique-francaise","21":"tag-saint-etienne","22":"tag-societe"},"share_on_mastodon":{"url":"https:\/\/pubeurope.com\/@fr\/114847250125144106","error":""},"_links":{"self":[{"href":"https:\/\/www.europesays.com\/fr\/wp-json\/wp\/v2\/posts\/247666","targetHints":{"allow":["GET"]}}],"collection":[{"href":"https:\/\/www.europesays.com\/fr\/wp-json\/wp\/v2\/posts"}],"about":[{"href":"https:\/\/www.europesays.com\/fr\/wp-json\/wp\/v2\/types\/post"}],"author":[{"embeddable":true,"href":"https:\/\/www.europesays.com\/fr\/wp-json\/wp\/v2\/users\/2"}],"replies":[{"embeddable":true,"href":"https:\/\/www.europesays.com\/fr\/wp-json\/wp\/v2\/comments?post=247666"}],"version-history":[{"count":0,"href":"https:\/\/www.europesays.com\/fr\/wp-json\/wp\/v2\/posts\/247666\/revisions"}],"wp:featuredmedia":[{"embeddable":true,"href":"https:\/\/www.europesays.com\/fr\/wp-json\/wp\/v2\/media\/247667"}],"wp:attachment":[{"href":"https:\/\/www.europesays.com\/fr\/wp-json\/wp\/v2\/media?parent=247666"}],"wp:term":[{"taxonomy":"category","embeddable":true,"href":"https:\/\/www.europesays.com\/fr\/wp-json\/wp\/v2\/categories?post=247666"},{"taxonomy":"post_tag","embeddable":true,"href":"https:\/\/www.europesays.com\/fr\/wp-json\/wp\/v2\/tags?post=247666"}],"curies":[{"name":"wp","href":"https:\/\/api.w.org\/{rel}","templated":true}]}}