{"id":247687,"date":"2025-07-13T18:21:22","date_gmt":"2025-07-13T18:21:22","guid":{"rendered":"https:\/\/www.europesays.com\/fr\/247687\/"},"modified":"2025-07-13T18:21:22","modified_gmt":"2025-07-13T18:21:22","slug":"retour-sur-la-belle-aventure-de-lequipe-briochine-a-la-can-de-rennes","status":"publish","type":"post","link":"https:\/\/www.europesays.com\/fr\/247687\/","title":{"rendered":"Retour sur la belle aventure de l\u2019\u00e9quipe briochine \u00e0 la CAN de Rennes"},"content":{"rendered":"<p>Apr\u00e8s avoir repr\u00e9sent\u00e9 Mayotte pendant plusieurs semaines, l\u2019heure \u00e9tait \u00e0 la f\u00eate vendredi 11 juillet, \u00e0 l\u2019occasion d\u2019un barbecue convivial marqu\u00e9 par la distribution des maillots. Cependant, une remise officielle avec le sponsor Terres d\u2019Armor Habitat aura lieu en septembre prochain.<\/p>\n<p>Il est l\u2019heure de souffler pour Olan, le recruteur de l\u2019\u00e9quipe car la <a href=\"https:\/\/www.letelegramme.fr\/ille-et-vilaine\/rennes-35000\/cest-un-vrai-succes-populaire-a-rennes-environ-20-000-spectateurs-attendus-a-la-can-de-football-6845578.php\" title=\"www.letelegramme.fr\" rel=\"nofollow noopener\" target=\"_blank\">CAN de Rennes<\/a> a pris fin le 5 juillet. Une semaine apr\u00e8s, c\u2019est l\u2019occasion pour les joueurs de revenir sur leur aventure. Emmanuel, l\u2019un des tr\u00e8s bons joueurs de l\u2019\u00e9quipe &#8211; qui joue \u00e9galement au <a href=\"https:\/\/www.letelegramme.fr\/sports\/football\/stade-briochin\/\" title=\"www.letelegramme.fr\" rel=\"nofollow noopener\" target=\"_blank\">Stade Briochin<\/a> &#8211; en profite pour expliquer le d\u00e9roul\u00e9 de leur dernier match en quart de finale. \u00ab\u00a0C\u2019\u00e9tait un match bien compliqu\u00e9. On n\u2019arrivait pas \u00e0 jouer notre jeu en premi\u00e8re mi-temps et puis on a sous-estim\u00e9 notre adversaire [NDLR \u00e9quipe du Mali]\u00a0\u00bb.<\/p>\n<p>Ce qui est certain, c\u2019est que les joueurs ont tout donn\u00e9. L\u2019ann\u00e9e prochaine, ils essayeront de remettre le couvert et de constituer l\u2019\u00e9quipe plus t\u00f4t. Cette ann\u00e9e, \u00ab\u00a0on l\u2019a finalis\u00e9, une semaine avant le d\u00e9but de la CAN\u00a0\u00bb, pr\u00e9cise Olan. Et puis, dans l\u2019\u00e9quipe actuelle, \u00ab\u00a0le probl\u00e8me c\u2019est qu\u2019il y a trop d\u2019ego et d\u2019individualit\u00e9\u00a0\u00bb, s\u2019amuse Emmanuel pour provoquer le reste de l\u2019\u00e9quipe.<\/p>\n<p><img decoding=\"async\" src=\"https:\/\/www.europesays.com\/fr\/wp-content\/uploads\/2025\/07\/6873bd3c1073c9c354042bbe.1.jpeg\" width=\"480\" height=\"300\" class=\"web_golden_m\" loading=\"lazy\" alt=\"Olan et Emmanuel, deux membres incontournables de l\u2019\u00e9quipe.\"\/>Olan et Emmanuel, deux membres incontournables de l\u2019\u00e9quipe. (Le T\u00e9l\u00e9gramme\/\u00c9lo\u00efse Renou)Une pr\u00e9paration rigoureuse et collective<\/p>\n<p>Pour leur premi\u00e8re participation, les Briochins n\u2019ont pas fait les choses \u00e0 la moiti\u00e9. Deux entra\u00eenements par semaine ont \u00e9t\u00e9 mis en place et la pr\u00e9paration ne s\u2019est pas arr\u00eat\u00e9e l\u00e0. Maude Denoel, \u00e9ducatrice sp\u00e9cialis\u00e9e \u00e0 l\u2019association <a href=\"https:\/\/www.letelegramme.fr\/cotes-d-armor\/guingamp-22200\/a-guingamp-deux-jeunes-de-beauvallon-prennent-soin-des-jardins-partages-de-castel-pic-6376672.php\" title=\"www.letelegramme.fr\" rel=\"nofollow noopener\" target=\"_blank\">Beauvallon Prev 22<\/a> a accompagn\u00e9 l\u2019\u00e9quipe de pr\u00e8s\u00a0: \u00ab\u00a0J\u2019ai veill\u00e9 \u00e0 ce qu\u2019ils adoptent un r\u00e9gime alimentaire \u00e9quilibr\u00e9, y compris pendant Art Rock, et je les ai pouss\u00e9s \u00e0 courir r\u00e9guli\u00e8rement.\u00a0\u00bb Des efforts qui ont port\u00e9 leurs fruits puisqu\u2019ils sont arriv\u00e9s en quart de finale. Hermann Tchamba, membre du comit\u00e9 d\u2019organisation de la CAN de Rennes, les a m\u00eame f\u00e9licit\u00e9s. \u00ab\u00a0C\u2019est vrai, l\u2019\u00e9mulation a bien pris\u00a0\u00bb, confirme fi\u00e8rement Maud. \u00ab\u00a0Sans oublier l\u2019implication des jeunes de l\u2019association qui ont aid\u00e9 \u00e0 l\u2019organisation, et le soutien de nos sponsors qui a permis \u00e0 l\u2019\u00e9quipe de se pr\u00e9parer correctement.\u00a0\u00bb Une vraie solidarit\u00e9 s\u2019est cr\u00e9\u00e9e.<\/p>\n<p>Vendredi 11 juillet, le bailleur social Terres d\u2019Armor Habitat, principal partenaire du projet, n\u2019a pas pu \u00eatre pr\u00e9sent. Mais une c\u00e9r\u00e9monie officielle aura lieu en septembre prochain. En attendant, les beaux maillots ont \u00e9t\u00e9 donn\u00e9s \u00e0 toute l\u2019\u00e9quipe. Chacun a pu choisir son blaze. \u00ab\u00a0Ce qui est s\u00fbr, c\u2019est qu\u2019ils sont tr\u00e8s heureux d\u2019\u00eatre l\u00e0 aujourd\u2019hui\u00a0\u00bb, conclut Maud, ravie.<\/p>\n","protected":false},"excerpt":{"rendered":"Apr\u00e8s avoir repr\u00e9sent\u00e9 Mayotte pendant plusieurs semaines, l\u2019heure \u00e9tait \u00e0 la f\u00eate vendredi 11 juillet, \u00e0 l\u2019occasion d\u2019un&hellip;\n","protected":false},"author":2,"featured_media":247688,"comment_status":"","ping_status":"","sticky":false,"template":"","format":"standard","meta":{"footnotes":""},"categories":[2821],"tags":[1111,11,829,1777,674,63,1011,27,12,584,25,4937],"class_list":{"0":"post-247687","1":"post","2":"type-post","3":"status-publish","4":"format-standard","5":"has-post-thumbnail","7":"category-rennes","8":"tag-actu","9":"tag-actualites","10":"tag-bretagne","11":"tag-eu","12":"tag-europe","13":"tag-football","14":"tag-fr","15":"tag-france","16":"tag-news","17":"tag-rennes","18":"tag-republique-francaise","19":"tag-saint-brieuc"},"share_on_mastodon":{"url":"https:\/\/pubeurope.com\/@fr\/114847316900560745","error":""},"_links":{"self":[{"href":"https:\/\/www.europesays.com\/fr\/wp-json\/wp\/v2\/posts\/247687","targetHints":{"allow":["GET"]}}],"collection":[{"href":"https:\/\/www.europesays.com\/fr\/wp-json\/wp\/v2\/posts"}],"about":[{"href":"https:\/\/www.europesays.com\/fr\/wp-json\/wp\/v2\/types\/post"}],"author":[{"embeddable":true,"href":"https:\/\/www.europesays.com\/fr\/wp-json\/wp\/v2\/users\/2"}],"replies":[{"embeddable":true,"href":"https:\/\/www.europesays.com\/fr\/wp-json\/wp\/v2\/comments?post=247687"}],"version-history":[{"count":0,"href":"https:\/\/www.europesays.com\/fr\/wp-json\/wp\/v2\/posts\/247687\/revisions"}],"wp:featuredmedia":[{"embeddable":true,"href":"https:\/\/www.europesays.com\/fr\/wp-json\/wp\/v2\/media\/247688"}],"wp:attachment":[{"href":"https:\/\/www.europesays.com\/fr\/wp-json\/wp\/v2\/media?parent=247687"}],"wp:term":[{"taxonomy":"category","embeddable":true,"href":"https:\/\/www.europesays.com\/fr\/wp-json\/wp\/v2\/categories?post=247687"},{"taxonomy":"post_tag","embeddable":true,"href":"https:\/\/www.europesays.com\/fr\/wp-json\/wp\/v2\/tags?post=247687"}],"curies":[{"name":"wp","href":"https:\/\/api.w.org\/{rel}","templated":true}]}}