{"id":247700,"date":"2025-07-13T18:30:10","date_gmt":"2025-07-13T18:30:10","guid":{"rendered":"https:\/\/www.europesays.com\/fr\/247700\/"},"modified":"2025-07-13T18:30:10","modified_gmt":"2025-07-13T18:30:10","slug":"cinema-on-a-vu-falcon-express-le-nouveau-film-made-in-toulouse-et-cest-une-reussite","status":"publish","type":"post","link":"https:\/\/www.europesays.com\/fr\/247700\/","title":{"rendered":"Cin\u00e9ma. On a vu Falcon Express, le nouveau film made in Toulouse (et c&rsquo;est une r\u00e9ussite !)"},"content":{"rendered":"<p>            Par<br \/>\n        <strong><br \/>\n            <a href=\"https:\/\/actu.fr\/auteur\/redaction-toulouse\" title=\"Consulter tous les articles de R\u00e9daction de Toulouse\" rel=\"nofollow noopener\" target=\"_blank\">R\u00e9daction de Toulouse<\/a><br \/>\n        <\/strong><\/p>\n<p>        Publi\u00e9 le<\/p>\n<p>            13 juil. 2025 \u00e0 20h10        <\/p>\n<p>Voil\u00e0 sur nos \u00e9crans la derni\u00e8re p\u00e9pite des <strong>Studios toulousains d\u2019animation TAT<\/strong> (Les As de la jungle, Terra Willy, Ast\u00e9rix &amp; Ob\u00e9lix\u00a0 : le Combat des Chef\u2026).<\/p>\n<p>Un train fou que personne ne peut arr\u00eater\u00a0<\/p>\n<p class=\" wall-content\">Cette fois, les sc\u00e9naristes font un <strong>clin d\u2019\u0153il au film catastrophe<\/strong> dans un trip bien connu : celui du train fou que personne ne peut arr\u00eater. Sauf qu\u2019ici ce train a \u00e9t\u00e9 vid\u00e9 de ses voyageurs. Mais un contretemps malheureux le fait repartir alors que le dernier wagon est rempli d\u2019animaux de compagnie : chien, chat, tortue, serpent, poisson, etc.<\/p>\n<p class=\" wall-content\">Au d\u00e9part il y a la volont\u00e9 f\u00e9roce de notre h\u00e9ros,<strong> le raton-laveur Falcon<\/strong>, Maurice en v\u00e9rit\u00e9, de piller ce train tranquillement, c\u2019est un as en la mati\u00e8re, pour fournir un r\u00e9veillon de No\u00ebl plantureux \u00e0 tous ses pauvres amis.<\/p>\n<p class=\" wall-content\">C\u2019est Hans, le blaireau, qui doit l\u2019aider dans cette man\u0153uvre. Sauf que ce dernier a une autre id\u00e9e en t\u00eate. Il sait que dans le dernier wagon va se trouver Rex, le chien policier qui lui a valu la fourri\u00e8re. Hans, ayant pris le contr\u00f4le de la locomotive, lance le train \u00e0 toute allure vers une fin fatale pour les animaux. Cela bien s\u00fbr, c\u2019est sans compter sur Falcon et sa petite<strong> bande de bras cass\u00e9s<\/strong> d\u2019occasion.<\/p>\n<p>Vid\u00e9os : en ce moment sur ActuUne aventure plein d\u2019humour\u00a0<\/p>\n<p class=\" wall-content\">Et nous voil\u00e0 embarqu\u00e9s \u00e0 cent \u00e0 l\u2019heure dans <strong>une aventure pleine d\u2019humour<\/strong>, d\u2019action, de suspense, d\u2019\u00e9motion aussi. Au passage, le sc\u00e9nario flingue sans trop h\u00e9siter la \u00ab morale \u00bb tr\u00e8s approximative des cha\u00eenes d\u2019info en continu et leurs pr\u00e9sentateurs en qu\u00eate de c\u00e9l\u00e9brit\u00e9\u2026 C\u2019est assez saignant faut-il avouer !!!<\/p>\n<p class=\" wall-content\">Un montage d\u2019une pr\u00e9cision magistrale ach\u00e8ve de faire de ce film d\u2019animation un mod\u00e8le du genre \u00e0 destination de toutes les g\u00e9n\u00e9rations. D\u2019autant qu\u2019il souligne les valeurs de solidarit\u00e9, de courage, d\u2019honn\u00eatet\u00e9, d\u2019engagement, d\u2019amiti\u00e9 aussi. Que demander de plus ?<\/p>\n<p class=\" wall-content\"><strong>La bande-annonce :\u00a0<\/strong><\/p>\n<p class=\" wall-content\">\n<p class=\" wall-content\"><strong>Robert P\u00e9navayre<\/strong><\/p>\n<p>Falcon Express, film d\u2019animation de Beno\u00eet Daffis et Jean-Christian Tassy. Actuellement en salles.\u00a0<\/p>\n<p class=\" wall-content\">Suivez toute l\u2019actualit\u00e9 de vos villes et m\u00e9dias favoris en vous inscrivant \u00e0 <a href=\"https:\/\/moncompte.actu.fr\" title=\"D\u00e9couvez Mon Actu\" rel=\"nofollow noopener\" data-trk=\"{&quot;cta&quot;:{&quot;action&quot;:&quot;https:\\\/\\\/moncompte.actu.fr&quot;,&quot;category&quot;:&quot;mon compte&quot;,&quot;from&quot;:&quot;article footer&quot;,&quot;name&quot;:&quot;Mon actu&quot;,&quot;type&quot;:&quot;cta&quot;}}\" target=\"_blank\">Mon Actu<\/a>.<\/p>\n","protected":false},"excerpt":{"rendered":"Par R\u00e9daction de Toulouse Publi\u00e9 le 13 juil. 2025 \u00e0 20h10 Voil\u00e0 sur nos \u00e9crans la derni\u00e8re p\u00e9pite&hellip;\n","protected":false},"author":2,"featured_media":247701,"comment_status":"","ping_status":"","sticky":false,"template":"","format":"standard","meta":{"footnotes":""},"categories":[2816],"tags":[1111,11,650,1777,674,1011,27,1652,12,2680,25,2312],"class_list":{"0":"post-247700","1":"post","2":"type-post","3":"status-publish","4":"format-standard","5":"has-post-thumbnail","7":"category-toulouse","8":"tag-actu","9":"tag-actualites","10":"tag-cinema","11":"tag-eu","12":"tag-europe","13":"tag-fr","14":"tag-france","15":"tag-loisirs-culture","16":"tag-news","17":"tag-occitanie","18":"tag-republique-francaise","19":"tag-toulouse"},"share_on_mastodon":{"url":"https:\/\/pubeurope.com\/@fr\/114847352321659410","error":""},"_links":{"self":[{"href":"https:\/\/www.europesays.com\/fr\/wp-json\/wp\/v2\/posts\/247700","targetHints":{"allow":["GET"]}}],"collection":[{"href":"https:\/\/www.europesays.com\/fr\/wp-json\/wp\/v2\/posts"}],"about":[{"href":"https:\/\/www.europesays.com\/fr\/wp-json\/wp\/v2\/types\/post"}],"author":[{"embeddable":true,"href":"https:\/\/www.europesays.com\/fr\/wp-json\/wp\/v2\/users\/2"}],"replies":[{"embeddable":true,"href":"https:\/\/www.europesays.com\/fr\/wp-json\/wp\/v2\/comments?post=247700"}],"version-history":[{"count":0,"href":"https:\/\/www.europesays.com\/fr\/wp-json\/wp\/v2\/posts\/247700\/revisions"}],"wp:featuredmedia":[{"embeddable":true,"href":"https:\/\/www.europesays.com\/fr\/wp-json\/wp\/v2\/media\/247701"}],"wp:attachment":[{"href":"https:\/\/www.europesays.com\/fr\/wp-json\/wp\/v2\/media?parent=247700"}],"wp:term":[{"taxonomy":"category","embeddable":true,"href":"https:\/\/www.europesays.com\/fr\/wp-json\/wp\/v2\/categories?post=247700"},{"taxonomy":"post_tag","embeddable":true,"href":"https:\/\/www.europesays.com\/fr\/wp-json\/wp\/v2\/tags?post=247700"}],"curies":[{"name":"wp","href":"https:\/\/api.w.org\/{rel}","templated":true}]}}