{"id":247710,"date":"2025-07-13T18:36:15","date_gmt":"2025-07-13T18:36:15","guid":{"rendered":"https:\/\/www.europesays.com\/fr\/247710\/"},"modified":"2025-07-13T18:36:15","modified_gmt":"2025-07-13T18:36:15","slug":"dans-ce-parc-a-villeurbanne-la-consommation-de-drogue-inquiete","status":"publish","type":"post","link":"https:\/\/www.europesays.com\/fr\/247710\/","title":{"rendered":"dans ce parc \u00e0 Villeurbanne, la consommation de drogue inqui\u00e8te"},"content":{"rendered":"<p>\u00ab\u00a0Je vous d\u00e9conseille de venir le soir seule apr\u00e8s 17 ou 18\u00a0heures\u00a0\u00bb, glisse une passante du parc de la Commune de Paris. Car depuis quelques mois, les habitants du quartier ont remarqu\u00e9 que ces 2 hectares de verdure et de jeux pour enfants ont \u00e9t\u00e9 investis par des consommateurs de stup\u00e9fiants.<\/p>\n<p>\u00ab\u00a0Des jeunes qui fument, qui r\u00f4dent et vendent de la drogue\u00a0\u00bb<\/p>\n<p>L\u2019aire de jeu est pleine d\u2019enfants, mais les parents que nous rencontrons partagent leurs craintes. \u00ab\u00a0On voit des jeunes qui fument, qui r\u00f4dent et vendent de la drogue, s\u2019agace un p\u00e8re de famille. On sait qu\u2019il y a un point de deal&#8230;<\/p>\n","protected":false},"excerpt":{"rendered":"\u00ab\u00a0Je vous d\u00e9conseille de venir le soir seule apr\u00e8s 17 ou 18\u00a0heures\u00a0\u00bb, glisse une passante du parc de&hellip;\n","protected":false},"author":2,"featured_media":247711,"comment_status":"","ping_status":"","sticky":false,"template":"","format":"standard","meta":{"footnotes":""},"categories":[1889],"tags":[1111,11,2430,271,272,2757,1777,674,274,107,1011,27,2428,12,25,2429,6345,6346],"class_list":{"0":"post-247710","1":"post","2":"type-post","3":"status-publish","4":"format-standard","5":"has-post-thumbnail","7":"category-lyon","8":"tag-actu","9":"tag-actualites","10":"tag-auvergne-rhone-alpes","11":"tag-crime","12":"tag-delit-et-contravention","13":"tag-edition-lyon-villeurbanne","14":"tag-eu","15":"tag-europe","16":"tag-faits-divers-justice","17":"tag-fil-info","18":"tag-fr","19":"tag-france","20":"tag-lyon","21":"tag-news","22":"tag-republique-francaise","23":"tag-rhone","24":"tag-villeurbanne","25":"tag-villeurbanne-bassin"},"share_on_mastodon":{"url":"https:\/\/pubeurope.com\/@fr\/114847375922284518","error":""},"_links":{"self":[{"href":"https:\/\/www.europesays.com\/fr\/wp-json\/wp\/v2\/posts\/247710","targetHints":{"allow":["GET"]}}],"collection":[{"href":"https:\/\/www.europesays.com\/fr\/wp-json\/wp\/v2\/posts"}],"about":[{"href":"https:\/\/www.europesays.com\/fr\/wp-json\/wp\/v2\/types\/post"}],"author":[{"embeddable":true,"href":"https:\/\/www.europesays.com\/fr\/wp-json\/wp\/v2\/users\/2"}],"replies":[{"embeddable":true,"href":"https:\/\/www.europesays.com\/fr\/wp-json\/wp\/v2\/comments?post=247710"}],"version-history":[{"count":0,"href":"https:\/\/www.europesays.com\/fr\/wp-json\/wp\/v2\/posts\/247710\/revisions"}],"wp:featuredmedia":[{"embeddable":true,"href":"https:\/\/www.europesays.com\/fr\/wp-json\/wp\/v2\/media\/247711"}],"wp:attachment":[{"href":"https:\/\/www.europesays.com\/fr\/wp-json\/wp\/v2\/media?parent=247710"}],"wp:term":[{"taxonomy":"category","embeddable":true,"href":"https:\/\/www.europesays.com\/fr\/wp-json\/wp\/v2\/categories?post=247710"},{"taxonomy":"post_tag","embeddable":true,"href":"https:\/\/www.europesays.com\/fr\/wp-json\/wp\/v2\/tags?post=247710"}],"curies":[{"name":"wp","href":"https:\/\/api.w.org\/{rel}","templated":true}]}}