{"id":247712,"date":"2025-07-13T18:37:11","date_gmt":"2025-07-13T18:37:11","guid":{"rendered":"https:\/\/www.europesays.com\/fr\/247712\/"},"modified":"2025-07-13T18:37:11","modified_gmt":"2025-07-13T18:37:11","slug":"les-lyonnais-en-force-aux-nuits-de-fourviere","status":"publish","type":"post","link":"https:\/\/www.europesays.com\/fr\/247712\/","title":{"rendered":"les Lyonnais en force aux Nuits de Fourvi\u00e8re"},"content":{"rendered":"<p>Les troupes lyonnaises vont occuper le devant de la sc\u00e8ne cette semaine aux Nuits de Fourvi\u00e8re. <\/p>\n<p>Il y a d\u2019abord la chanteuse Pomme, programm\u00e9e de mardi \u00e0 jeudi pour un spectacle o\u00f9 elle partage l\u2019affiche avec des artistes de cirque, dont le duo form\u00e9 par Marie et Yoann Bourgeois.<\/p>\n<p>  Un quatuor \u00e9lectrique <\/p>\n<p>Il s\u2019agit d\u2019une cr\u00e9ation quasi in\u00e9dite (elle a seulement \u00e9t\u00e9 jou\u00e9e \u00e0 Barcelone \u00e0 la fin du mois de juin) baptis\u00e9e Le petit cirque des saisons , o\u00f9 la musicienne reprend les chansons de son album Saison aux c\u00f4t\u00e9s d\u2019un quatuor \u00e0 cordes et de quatre circassiens \u00e9voluant sur une sc\u00e8ne circulaire et en rotation.<\/p>\n<p>En fin de semaine, les samedis des nuits mettent le curseur sur le rock, avec notamment un quatuor \u00e9lectrique d\u00e9sormais install\u00e9 \u00e0 Lyon\u00a0: Last Train.<\/p>\n<p class=\"note\">Le petit cirque des Saisons, du 15 au 17\u00a0juillet \u00e0 22\u00a0h, tarifs de 32 \u00e0 47\u00a0euros, \u00e0 partir de 8 ans. Last Train, avec The Lemon Twig et Johnny Carwash, le 19\u00a0juillet \u00e0 20\u00a0h, entr\u00e9e 38\u00a0euros. www.nuitsdefourviere.com<\/p>\n","protected":false},"excerpt":{"rendered":"Les troupes lyonnaises vont occuper le devant de la sc\u00e8ne cette semaine aux Nuits de Fourvi\u00e8re. Il y&hellip;\n","protected":false},"author":2,"featured_media":247713,"comment_status":"","ping_status":"","sticky":false,"template":"","format":"standard","meta":{"footnotes":""},"categories":[1889],"tags":[1111,11,2430,1687,2757,1777,674,1011,27,2428,2756,873,12,25],"class_list":{"0":"post-247712","1":"post","2":"type-post","3":"status-publish","4":"format-standard","5":"has-post-thumbnail","7":"category-lyon","8":"tag-actu","9":"tag-actualites","10":"tag-auvergne-rhone-alpes","11":"tag-culture-loisirs","12":"tag-edition-lyon-villeurbanne","13":"tag-eu","14":"tag-europe","15":"tag-fr","16":"tag-france","17":"tag-lyon","18":"tag-lyon-bassin","19":"tag-musique","20":"tag-news","21":"tag-republique-francaise"},"share_on_mastodon":{"url":"https:\/\/pubeurope.com\/@fr\/114847379835166305","error":""},"_links":{"self":[{"href":"https:\/\/www.europesays.com\/fr\/wp-json\/wp\/v2\/posts\/247712","targetHints":{"allow":["GET"]}}],"collection":[{"href":"https:\/\/www.europesays.com\/fr\/wp-json\/wp\/v2\/posts"}],"about":[{"href":"https:\/\/www.europesays.com\/fr\/wp-json\/wp\/v2\/types\/post"}],"author":[{"embeddable":true,"href":"https:\/\/www.europesays.com\/fr\/wp-json\/wp\/v2\/users\/2"}],"replies":[{"embeddable":true,"href":"https:\/\/www.europesays.com\/fr\/wp-json\/wp\/v2\/comments?post=247712"}],"version-history":[{"count":0,"href":"https:\/\/www.europesays.com\/fr\/wp-json\/wp\/v2\/posts\/247712\/revisions"}],"wp:featuredmedia":[{"embeddable":true,"href":"https:\/\/www.europesays.com\/fr\/wp-json\/wp\/v2\/media\/247713"}],"wp:attachment":[{"href":"https:\/\/www.europesays.com\/fr\/wp-json\/wp\/v2\/media?parent=247712"}],"wp:term":[{"taxonomy":"category","embeddable":true,"href":"https:\/\/www.europesays.com\/fr\/wp-json\/wp\/v2\/categories?post=247712"},{"taxonomy":"post_tag","embeddable":true,"href":"https:\/\/www.europesays.com\/fr\/wp-json\/wp\/v2\/tags?post=247712"}],"curies":[{"name":"wp","href":"https:\/\/api.w.org\/{rel}","templated":true}]}}