{"id":247723,"date":"2025-07-13T18:45:11","date_gmt":"2025-07-13T18:45:11","guid":{"rendered":"https:\/\/www.europesays.com\/fr\/247723\/"},"modified":"2025-07-13T18:45:11","modified_gmt":"2025-07-13T18:45:11","slug":"les-e-u-veulent-envoyer-des-armes-a-lukraine-par-lentremise-des-allies-de-lotan","status":"publish","type":"post","link":"https:\/\/www.europesays.com\/fr\/247723\/","title":{"rendered":"Les \u00c9.-U. veulent envoyer des armes \u00e0 l&rsquo;Ukraine par l&rsquo;entremise des alli\u00e9s de l&rsquo;OTAN"},"content":{"rendered":"<p>Le secr\u00e9taire g\u00e9n\u00e9ral de l\u2019OTAN, Mark Rutte, doit rencontrer cette semaine le pr\u00e9sident Donald Trump, apr\u00e8s que le dirigeant am\u00e9ricain a annonc\u00e9 son intention de vendre des armes \u00e0 ses alli\u00e9s de l\u2019OTAN, qu\u2019il pourrait ensuite transmettre \u00e0 l\u2019Ukraine.<\/p>\n<p>L\u2019OTAN a annonc\u00e9 dimanche que M.\u00a0Rutte serait \u00e0 Washington lundi et mardi et s\u2019entretiendrait avec M.\u00a0Trump, le secr\u00e9taire d\u2019\u00c9tat Marco Rubio, le secr\u00e9taire \u00e0 la D\u00e9fense Pete Hegseth et des membres du Congr\u00e8s. La Maison-Blanche n\u2019a pas imm\u00e9diatement r\u00e9pondu \u00e0 une demande de commentaire concernant cette visite.<\/p>\n<p>Un proche alli\u00e9 de M.\u00a0Trump, le s\u00e9nateur r\u00e9publicain Lindsey Graham, a indiqu\u00e9 dimanche que le conflit approchait d\u2019un tournant d\u00e9cisif, M.\u00a0Trump manifestant un int\u00e9r\u00eat croissant pour aider l\u2019Ukraine \u00e0 riposter \u00e0 la Russie. <\/p>\n<p>Le pr\u00e9sident avait rejet\u00e9 la cause ukrainienne en d\u00e9but d\u2019ann\u00e9e, la qualifiant de gaspillage de l\u2019argent des contribuables, m\u00eame s\u2019il avait promis de mettre fin \u00e0 la guerre rapidement lors de la campagne \u00e9lectorale. <\/p>\n<p>\u00abDans les prochains jours, nous assisterons \u00e0 un afflux record d\u2019armes pour aider l\u2019Ukraine \u00e0 se d\u00e9fendre\u00bb, a affirm\u00e9 M.\u00a0Graham dans l\u2019\u00e9mission \u00abFace the Nation\u00a0\u00bb de CBS. Il a ajout\u00e9 que \u00abl\u2019une des plus grandes erreurs de calcul de Poutine a \u00e9t\u00e9 d\u2019essayer de manipuler Trump\u00bb et que \u00abdans les jours et les semaines \u00e0 venir, un effort consid\u00e9rable sera d\u00e9ploy\u00e9 pour amener Poutine \u00e0 la table des n\u00e9gociations\u00bb.<\/p>\n<p>La visite de M.\u00a0Rutte survient alors que M.\u00a0Trump a annonc\u00e9 la semaine derni\u00e8re qu\u2019il ferait une \u00abd\u00e9claration majeure\u00bb sur la Russie lundi, et que l\u2019Ukraine peine \u00e0 repousser les attaques a\u00e9riennes massives et complexes lanc\u00e9es par les forces russes.<\/p>\n<p>M.\u00a0Graham, accompagn\u00e9 sur le plateau de t\u00e9l\u00e9vision du s\u00e9nateur d\u00e9mocrate Richard Blumenthal, a admis qu\u2019il existait un consensus croissant au Capitole et parmi les responsables europ\u00e9ens quant \u00e0 l\u2019utilisation d\u2019une partie des 300\u00a0milliards\u00a0$ d\u2019actifs russes gel\u00e9s par les pays du G7 au d\u00e9but de la guerre pour aider l\u2019Ukraine.<\/p>\n<p>\u00abIl est temps d\u2019agir\u00bb, a d\u00e9clar\u00e9 M.\u00a0Blumenthal.<\/p>\n<p>M.\u00a0Rubio a d\u00e9clar\u00e9 vendredi qu\u2019une partie des armes de fabrication am\u00e9ricaine convoit\u00e9es par l\u2019Ukraine sont d\u00e9ploy\u00e9es aupr\u00e8s des alli\u00e9s de l\u2019OTAN en Europe. Ces armes pourraient \u00eatre transf\u00e9r\u00e9es en Ukraine, les pays europ\u00e9ens achetant des armes de remplacement aux \u00c9tats-Unis, a-t-il ajout\u00e9.<\/p>\n<p>\u00abIl est beaucoup plus rapide de transporter quelque chose, par exemple, d\u2019Allemagne en Ukraine que de le commander \u00e0 une usine (am\u00e9ricaine) et de le livrer l\u00e0-bas\u00bb, a expliqu\u00e9 M.\u00a0Rubio aux journalistes la semaine derni\u00e8re lors d\u2019une visite \u00e0 Kuala Lumpur, en Malaisie.<\/p>\n<p>Dans une entrevue publi\u00e9e dimanche dans La Tribune Dimanche, le ministre fran\u00e7ais de la D\u00e9fense, S\u00e9bastien Lecornu, a indiqu\u00e9 que les responsables europ\u00e9ens avaient plaid\u00e9 aupr\u00e8s de l\u2019administration Trump pour le renforcement des capacit\u00e9s de d\u00e9fense a\u00e9rienne dans le cadre de tout programme \u00e0 venir.<\/p>\n<p>Il a ajout\u00e9 que la France se trouvait dans une situation de d\u00e9ficit de capacit\u00e9 et qu\u2019elle devra attendre l\u2019ann\u00e9e prochaine avant de pouvoir fournir \u00e0 l\u2019Ukraine de nouveaux missiles sol-air.<\/p>\n<p>Le pr\u00e9sident Trump est \u00e9galement confront\u00e9 \u00e0 des appels de la part des r\u00e9publicains et des d\u00e9mocrates, ainsi que de ses alli\u00e9s europ\u00e9ens, pour soutenir un projet de loi du S\u00e9nat visant \u00e0 paralyser l\u2019industrie p\u00e9troli\u00e8re russe et \u00e0 imposer des sanctions am\u00e9ricaines \u00e0 Moscou pour son invasion continue de l\u2019Ukraine.<\/p>\n<p>Cette loi pr\u00e9voit notamment l\u2019imposition de droits de douane de 500\u00a0% sur les marchandises import\u00e9es de pays qui continuent d\u2019acheter du p\u00e9trole, du gaz, de l\u2019uranium et d\u2019autres exportations russes. Cela aurait un impact consid\u00e9rable sur les \u00e9conomies du Br\u00e9sil, de la Chine et de l\u2019Inde, qui repr\u00e9sentent la grande majorit\u00e9 des \u00e9changes \u00e9nerg\u00e9tiques de la Russie.<\/p>\n<p>Selon M.\u00a0Graham, la Chine, l\u2019Inde et le Br\u00e9sil sont les principaux responsables de cette situation. <\/p>\n<p>\u00abMon objectif est de mettre fin \u00e0 cette guerre. Et la seule fa\u00e7on de mettre fin \u00e0 cette guerre est de pousse les alli\u00e9s de Poutine \u00e0 choisir entre l\u2019\u00e9conomie am\u00e9ricaine et le soutien \u00e0 Poutine.\u00bb<\/p>\n<p>Ces revenus sont essentiels pour maintenir la machine de guerre russe en activit\u00e9, alors que les \u00c9tats-Unis et l\u2019Europe ont impos\u00e9 d\u2019importantes interdictions d\u2019importation et d\u2019exportation sur un large \u00e9ventail de biens \u00e0 destination et en provenance de la Russie, affectant des secteurs comme la finance, l\u2019\u00e9nergie, les transports, la technologie et la d\u00e9fense.<\/p>\n<p>M.\u00a0Trump avait menac\u00e9 pendant des mois, mais s\u2019\u00e9tait abstenu d\u2019imposer de nouvelles sanctions contre l\u2019industrie p\u00e9troli\u00e8re russe.<\/p>\n<p>Mais le chef r\u00e9publicain est devenu de plus en plus exasp\u00e9r\u00e9 par M.\u00a0Poutine ces derniers jours et l\u2019a accus\u00e9 de prolonger la guerre.<\/p>\n<p>\u00abPoutine nous balance beaucoup de conneries, pour \u00eatre honn\u00eate\u00bb, a lanc\u00e9 M.\u00a0Trump la semaine derni\u00e8re lors d\u2019un \u00e9change avec des journalistes. \u00abIl est toujours tr\u00e8s gentil, mais ses propos sont finalement d\u00e9nu\u00e9s de sens.\u00bb Le Congr\u00e8s est pr\u00eat depuis un certain temps \u00e0 se prononcer sur la l\u00e9gislation soutenue par MM.\u00a0Graham et Blumenthal.<\/p>\n<p><b>Soutien bipartisan au S\u00e9nat<\/b><\/p>\n<p>Le projet de loi b\u00e9n\u00e9ficie d\u2019un soutien massif au S\u00e9nat, mais les dirigeants r\u00e9publicains attendent le feu vert du pr\u00e9sident avant de l\u2019adopter.<\/p>\n<p>La Maison-Blanche avait exprim\u00e9 des r\u00e9serves \u00e0 son \u00e9gard. M.\u00a0Trump a clairement indiqu\u00e9 vouloir disposer des pleins pouvoirs sur le processus de d\u00e9rogation pour lever les sanctions, les droits de douane ou autres p\u00e9nalit\u00e9s, sans avoir \u00e0 c\u00e9der le contr\u00f4le au Congr\u00e8s.<\/p>\n<p>En vertu du projet de loi initial, le pr\u00e9sident pourrait \u00abmettre fin\u00bb aux sanctions dans certaines circonstances, mais les r\u00e9imposer imm\u00e9diatement si les violations reprennent. M.\u00a0Graham a d\u00e9clar\u00e9 que le pr\u00e9sident serait autoris\u00e9 \u00e0 lever les sanctions pendant 180\u00a0jours et pourrait \u00e9galement renouveler une d\u00e9rogation.<\/p>\n<p>Certains l\u00e9gislateurs d\u00e9mocrates ont exprim\u00e9 des inqui\u00e9tudes concernant les d\u00e9rogations. Mais le s\u00e9nateur Blumenthal a minimis\u00e9 les divergences et a d\u00e9clar\u00e9 que la l\u00e9gislation donnerait \u00e0 M.\u00a0Trump un \u00abcoup de massue\u00bb \u00e0 utiliser contre M.\u00a0Poutine.<\/p>\n<p>\u00abLe libell\u00e9 des d\u00e9rogations que nous allons inclure dans ce projet de loi est tr\u00e8s similaire \u00e0 celui des mesures similaires pr\u00e9c\u00e9dentes\u00bb, a affirm\u00e9 M.\u00a0Blumenthal, ajoutant que \u00abl\u2019unit\u00e9\u00bb est ce qui \u00absemble le plus important\u00bb.<\/p>\n","protected":false},"excerpt":{"rendered":"Le secr\u00e9taire g\u00e9n\u00e9ral de l\u2019OTAN, Mark Rutte, doit rencontrer cette semaine le pr\u00e9sident Donald Trump, apr\u00e8s que le&hellip;\n","protected":false},"author":2,"featured_media":247724,"comment_status":"","ping_status":"","sticky":false,"template":"","format":"standard","meta":{"footnotes":""},"categories":[1590],"tags":[11,1777,674,1854,4576,12,220],"class_list":{"0":"post-247723","1":"post","2":"type-post","3":"status-publish","4":"format-standard","5":"has-post-thumbnail","7":"category-ukraine","8":"tag-actualites","9":"tag-eu","10":"tag-europe","11":"tag-https-lactualite-com-sujet-international","12":"tag-https-lactualite-com-sujet-politique","13":"tag-news","14":"tag-ukraine"},"share_on_mastodon":{"url":"https:\/\/pubeurope.com\/@fr\/114847411286665471","error":""},"_links":{"self":[{"href":"https:\/\/www.europesays.com\/fr\/wp-json\/wp\/v2\/posts\/247723","targetHints":{"allow":["GET"]}}],"collection":[{"href":"https:\/\/www.europesays.com\/fr\/wp-json\/wp\/v2\/posts"}],"about":[{"href":"https:\/\/www.europesays.com\/fr\/wp-json\/wp\/v2\/types\/post"}],"author":[{"embeddable":true,"href":"https:\/\/www.europesays.com\/fr\/wp-json\/wp\/v2\/users\/2"}],"replies":[{"embeddable":true,"href":"https:\/\/www.europesays.com\/fr\/wp-json\/wp\/v2\/comments?post=247723"}],"version-history":[{"count":0,"href":"https:\/\/www.europesays.com\/fr\/wp-json\/wp\/v2\/posts\/247723\/revisions"}],"wp:featuredmedia":[{"embeddable":true,"href":"https:\/\/www.europesays.com\/fr\/wp-json\/wp\/v2\/media\/247724"}],"wp:attachment":[{"href":"https:\/\/www.europesays.com\/fr\/wp-json\/wp\/v2\/media?parent=247723"}],"wp:term":[{"taxonomy":"category","embeddable":true,"href":"https:\/\/www.europesays.com\/fr\/wp-json\/wp\/v2\/categories?post=247723"},{"taxonomy":"post_tag","embeddable":true,"href":"https:\/\/www.europesays.com\/fr\/wp-json\/wp\/v2\/tags?post=247723"}],"curies":[{"name":"wp","href":"https:\/\/api.w.org\/{rel}","templated":true}]}}