{"id":247726,"date":"2025-07-13T18:47:14","date_gmt":"2025-07-13T18:47:14","guid":{"rendered":"https:\/\/www.europesays.com\/fr\/247726\/"},"modified":"2025-07-13T18:47:14","modified_gmt":"2025-07-13T18:47:14","slug":"vive-inquietude-au-royaume-uni-nous-sommes-toujours-sur-les-lieux-dun-incident-grave-a-laeroport-de-southend-photos-video","status":"publish","type":"post","link":"https:\/\/www.europesays.com\/fr\/247726\/","title":{"rendered":"Vive inqui\u00e9tude au Royaume-Uni: \u00ab\u00a0Nous sommes toujours sur les lieux d&rsquo;un incident grave \u00e0 l&rsquo;a\u00e9roport de Southend\u00a0\u00bb (PHOTOS + VIDEO)"},"content":{"rendered":"<p class=\"ap-StoryElement ap-StoryElement--mb ap-StoryText\">\u00ab\u00a0Nous sommes toujours sur les lieux d&rsquo;un incident grave \u00e0 l&rsquo;a\u00e9roport de Southend\u00a0\u00bb, a-t-elle \u00e9crit dans un communiqu\u00e9, disant \u00ab\u00a0travailler avec tous les services d&rsquo;urgence\u00a0\u00bb sur place.<\/p>\n<p class=\"ap-StoryElement ap-StoryElement--mb ap-StoryText\">Elle dit avoir \u00e9t\u00e9 alert\u00e9e peu avant 16H00 heure locale (15H00 GMT) de la pr\u00e9sence de cet avion de 12 m\u00e8tres, en feu, sur le site de Southend-on-Sea, \u00e0 l&rsquo;est de Londres.<\/p>\n<p class=\"ap-StoryElement ap-StoryElement--mb ap-StoryText\">Aucun bilan n&rsquo;a pour l&rsquo;heure \u00e9t\u00e9 communiqu\u00e9 par les autorit\u00e9s.<\/p>\n","protected":false},"excerpt":{"rendered":"\u00ab\u00a0Nous sommes toujours sur les lieux d&rsquo;un incident grave \u00e0 l&rsquo;a\u00e9roport de Southend\u00a0\u00bb, a-t-elle \u00e9crit dans un communiqu\u00e9,&hellip;\n","protected":false},"author":2,"featured_media":247727,"comment_status":"","ping_status":"","sticky":false,"template":"","format":"standard","meta":{"footnotes":""},"categories":[1588],"tags":[11,296,1777,674,12,1072,473,1853,2803,1851,1850,1852],"class_list":{"0":"post-247726","1":"post","2":"type-post","3":"status-publish","4":"format-standard","5":"has-post-thumbnail","7":"category-royaume-uni","8":"tag-actualites","9":"tag-aeronautique","10":"tag-eu","11":"tag-europe","12":"tag-news","13":"tag-police","14":"tag-royaume-uni","15":"tag-royaume-uni-de-grande-bretagne-et-dirlande-du-nord","16":"tag-transport","17":"tag-uk","18":"tag-united-kingdom","19":"tag-united-kingdom-of-great-britain-and-northern-ireland"},"share_on_mastodon":{"url":"https:\/\/pubeurope.com\/@fr\/114847419192414903","error":""},"_links":{"self":[{"href":"https:\/\/www.europesays.com\/fr\/wp-json\/wp\/v2\/posts\/247726","targetHints":{"allow":["GET"]}}],"collection":[{"href":"https:\/\/www.europesays.com\/fr\/wp-json\/wp\/v2\/posts"}],"about":[{"href":"https:\/\/www.europesays.com\/fr\/wp-json\/wp\/v2\/types\/post"}],"author":[{"embeddable":true,"href":"https:\/\/www.europesays.com\/fr\/wp-json\/wp\/v2\/users\/2"}],"replies":[{"embeddable":true,"href":"https:\/\/www.europesays.com\/fr\/wp-json\/wp\/v2\/comments?post=247726"}],"version-history":[{"count":0,"href":"https:\/\/www.europesays.com\/fr\/wp-json\/wp\/v2\/posts\/247726\/revisions"}],"wp:featuredmedia":[{"embeddable":true,"href":"https:\/\/www.europesays.com\/fr\/wp-json\/wp\/v2\/media\/247727"}],"wp:attachment":[{"href":"https:\/\/www.europesays.com\/fr\/wp-json\/wp\/v2\/media?parent=247726"}],"wp:term":[{"taxonomy":"category","embeddable":true,"href":"https:\/\/www.europesays.com\/fr\/wp-json\/wp\/v2\/categories?post=247726"},{"taxonomy":"post_tag","embeddable":true,"href":"https:\/\/www.europesays.com\/fr\/wp-json\/wp\/v2\/tags?post=247726"}],"curies":[{"name":"wp","href":"https:\/\/api.w.org\/{rel}","templated":true}]}}