{"id":247728,"date":"2025-07-13T18:48:16","date_gmt":"2025-07-13T18:48:16","guid":{"rendered":"https:\/\/www.europesays.com\/fr\/247728\/"},"modified":"2025-07-13T18:48:16","modified_gmt":"2025-07-13T18:48:16","slug":"la-suede-dynamite-lallemagne-euro-f-gr-c","status":"publish","type":"post","link":"https:\/\/www.europesays.com\/fr\/247728\/","title":{"rendered":"La Su\u00e8de dynamite l\u2019Allemagne &#8211; Euro (F) &#8211; Gr. C"},"content":{"rendered":"<p>La fi\u00e8vre du samedi soir.<\/p>\n<p>Le groupe C de l\u2019Euro f\u00e9minin nous a offert un d\u00e9nouement riche en spectacle ce samedi. La \u00ab\u202ffinale\u202f\u00bb pour la premi\u00e8re place entre la Su\u00e8de et l\u2019Allemagne a tenu toutes ses promesses, et ce sont les demi-finalistes du dernier Mondial qui ont tir\u00e9 les marrons du feu \u00e0 Zurich (4-1). Sous les yeux de quelque 22 000 spectateurs et de leur capitaine Giulia Gwinn, pr\u00e9sente pour soutenir ses co\u00e9quipiers malgr\u00e9 ses b\u00e9quilles et son attelle, les Allemands ont rapidement pris les devants gr\u00e2ce \u00e0 la frappe crois\u00e9e de Jule Brand <strong>(0-1, 7e)<\/strong>. Une entame canon, mais les Su\u00e9doises ont imm\u00e9diatement r\u00e9pondu par l\u2019in\u00e9vitable Stina Blackstenius, venue punir les errements de la d\u00e9fense adverse <strong>(1-1, 12e)<\/strong>.<\/p>\n<p>Les Bl\u00e5gult ont battu le fer tant qu\u2019il \u00e9tait chaud avec un\u00a0d\u00e9bordement victorieux de la jeune Smilla Holmberg (18 ans) \u2013 et un brin de r\u00e9ussite au moment de conclure <strong>(2-1, 25e)<\/strong>. Totalement perdue, accumulant les erreurs de relance, la d\u00e9fense allemande a sombr\u00e9 pour de bon lorsque Carlotta Wamser a suppl\u00e9\u00e9 sa gardienne dans la surface, en mode Luis Su\u00e1rez, et re\u00e7u un rouge bien m\u00e9rit\u00e9 (31e). Malheureusement pour elle,\u00a0Fridolina Rolf\u00f6 est aussi plus adroite qu\u2019Asamoah Gyan <strong>(3-1, 34e)<\/strong>.<\/p>\n<p>Lina Hurtig a finalement enfonc\u00e9 le clou en deuxi\u00e8me p\u00e9riode sur une offrande de Johanna Kaneryd <strong>(4-1, 80e)<\/strong>. Emball\u00e9, c\u2019est pes\u00e9 : la Su\u00e8de termine premi\u00e8re du groupe, l\u2019Allemagne deuxi\u00e8me, et l\u2019\u00e9quipe de France sait d\u00e9sormais \u00e0 quoi s\u2019attendre. Une victoire ou un nul contre les Pays-Bas dimanche, et les Bleues d\u00e9fieront les Allemandes, leurs bourreaux en 2022. Pour l\u2019honneur, enfin, la Pologne a pris la troisi\u00e8me place en battant le Danemark (3-2) gr\u00e2ce \u00e0 Natalia Padilla (13e), Ewa Pajor (20e) et Martyna Wiankowska (76e).<\/p>\n<p>Deux matchs, dix buts : total r\u00e9gal !<\/p>\n<p>\t\t\t\t\t\t\t\t\t\t<a class=\"lien-connexe\" href=\"https:\/\/www.sofoot.com\/breves\/ligue-des-nations-f-lespagne-lallemagne-et-la-suede-se-qualifient-pour-le-final-four\" rel=\"nofollow noopener\" target=\"_blank\">Ligue des nations F\u202f: L\u2019Espagne, l\u2019Allemagne et la Su\u00e8de se qualifient pour le Final Four<\/a>\t\t\t\t\t<\/p>\n","protected":false},"excerpt":{"rendered":"La fi\u00e8vre du samedi soir. Le groupe C de l\u2019Euro f\u00e9minin nous a offert un d\u00e9nouement riche en&hellip;\n","protected":false},"author":2,"featured_media":247729,"comment_status":"","ping_status":"","sticky":false,"template":"","format":"standard","meta":{"footnotes":""},"categories":[1587],"tags":[47,11,61,672,69,1804,65,1805,1803,64,1777,674,63,1801,68,66,12,62,70,1802,67],"class_list":{"0":"post-247728","1":"post","2":"type-post","3":"status-publish","4":"format-standard","5":"has-post-thumbnail","7":"category-allemagne","8":"tag-actualite","9":"tag-actualites","10":"tag-actus-football","11":"tag-allemagne","12":"tag-bundesliga","13":"tag-bundesrepublik-deutschland","14":"tag-championnats-europeens","15":"tag-de","16":"tag-deutschland","17":"tag-equipe-de-france","18":"tag-eu","19":"tag-europe","20":"tag-football","21":"tag-germany","22":"tag-ligua","23":"tag-ligue-1","24":"tag-news","25":"tag-news-foot","26":"tag-premier-league","27":"tag-republique-federale-dallemagne","28":"tag-serie-a"},"share_on_mastodon":{"url":"https:\/\/pubeurope.com\/@fr\/114847423034180448","error":""},"_links":{"self":[{"href":"https:\/\/www.europesays.com\/fr\/wp-json\/wp\/v2\/posts\/247728","targetHints":{"allow":["GET"]}}],"collection":[{"href":"https:\/\/www.europesays.com\/fr\/wp-json\/wp\/v2\/posts"}],"about":[{"href":"https:\/\/www.europesays.com\/fr\/wp-json\/wp\/v2\/types\/post"}],"author":[{"embeddable":true,"href":"https:\/\/www.europesays.com\/fr\/wp-json\/wp\/v2\/users\/2"}],"replies":[{"embeddable":true,"href":"https:\/\/www.europesays.com\/fr\/wp-json\/wp\/v2\/comments?post=247728"}],"version-history":[{"count":0,"href":"https:\/\/www.europesays.com\/fr\/wp-json\/wp\/v2\/posts\/247728\/revisions"}],"wp:featuredmedia":[{"embeddable":true,"href":"https:\/\/www.europesays.com\/fr\/wp-json\/wp\/v2\/media\/247729"}],"wp:attachment":[{"href":"https:\/\/www.europesays.com\/fr\/wp-json\/wp\/v2\/media?parent=247728"}],"wp:term":[{"taxonomy":"category","embeddable":true,"href":"https:\/\/www.europesays.com\/fr\/wp-json\/wp\/v2\/categories?post=247728"},{"taxonomy":"post_tag","embeddable":true,"href":"https:\/\/www.europesays.com\/fr\/wp-json\/wp\/v2\/tags?post=247728"}],"curies":[{"name":"wp","href":"https:\/\/api.w.org\/{rel}","templated":true}]}}