{"id":24774,"date":"2025-04-14T17:21:23","date_gmt":"2025-04-14T17:21:23","guid":{"rendered":"https:\/\/www.europesays.com\/fr\/24774\/"},"modified":"2025-04-14T17:21:23","modified_gmt":"2025-04-14T17:21:23","slug":"thouare-sur-loire-les-animations-de-tourisme-erdre-et-loire","status":"publish","type":"post","link":"https:\/\/www.europesays.com\/fr\/24774\/","title":{"rendered":"Thouar\u00e9-sur-Loire. Les animations de Tourisme Erdre et Loire"},"content":{"rendered":"<p>L\u2019association cantonale Tourisme Erdre et Loire poursuit ses actions dynamiques en faveur du lien social et de la d\u00e9couverte du territoire. Forte de ses 250\u00a0adh\u00e9rents, elle propose tout au long de l\u2019ann\u00e9e des sorties \u00e0 la journ\u00e9e, des s\u00e9jours touristiques, ainsi que des visites de sites et d\u2019entreprises locales.<\/p>\n<p>Trois grands rendez-vous annuels viennent ponctuer les activit\u00e9s\u00a0:<\/p>\n<p>Le premier \u00e9v\u00e9nement aura lieu le dimanche 18\u00a0mai, de 8\u00a0h\u00a030 \u00e0 17\u00a0h\u00a030, dans le verdoyant parc de la Coul\u00e9e Verte. Les inscriptions pour les exposants sont d\u2019ores et d\u00e9j\u00e0 ouvertes, et ce, jusqu\u2019au 10\u00a0mai.<\/p>\n<p>Viendra ensuite le salon des collectionneurs, qui c\u00e9l\u00e9brera cette ann\u00e9e sa 20e \u00e9dition, les 13 et 14\u00a0septembre, \u00e0 la salle du Pr\u00e9-Poulain. L\u2019occasion pour les passionn\u00e9s de timbres, monnaies, cartes postales ou objets rares de se retrouver.<\/p>\n<p>Enfin, l\u2019ann\u00e9e se conclura avec le 2e loto au profit du T\u00e9l\u00e9thon, le dimanche 7\u00a0d\u00e9cembre. L\u2019an dernier, cet \u00e9v\u00e9nement avait permis de r\u00e9colter 5\u00a0000\u00a0\u20ac, int\u00e9gralement revers\u00e9s \u00e0 l\u2019AFM-T\u00e9l\u00e9thon.<\/p>\n<p>Pour toute information ou inscription, 06\u00a042\u00a030\u00a028\u00a051 ou tourisme.erdre-et-loire@laposte.net.<\/p>\n<p>\u00a0<\/p>\n","protected":false},"excerpt":{"rendered":"L\u2019association cantonale Tourisme Erdre et Loire poursuit ses actions dynamiques en faveur du lien social et de la&hellip;\n","protected":false},"author":2,"featured_media":24775,"comment_status":"","ping_status":"","sticky":false,"template":"","format":"standard","meta":{"footnotes":""},"categories":[2818],"tags":[1111,11,1063,8925,1777,674,1011,27,3367,766,12,2636,25,8924,602],"class_list":{"0":"post-24774","1":"post","2":"type-post","3":"status-publish","4":"format-standard","5":"has-post-thumbnail","7":"category-nantes","8":"tag-actu","9":"tag-actualites","10":"tag-animations","11":"tag-erdre","12":"tag-eu","13":"tag-europe","14":"tag-fr","15":"tag-france","16":"tag-loire","17":"tag-nantes","18":"tag-news","19":"tag-pays-de-la-loire","20":"tag-republique-francaise","21":"tag-thouare-sur-loire","22":"tag-tourisme"},"share_on_mastodon":{"url":"https:\/\/pubeurope.com\/@fr\/114337473151811487","error":""},"_links":{"self":[{"href":"https:\/\/www.europesays.com\/fr\/wp-json\/wp\/v2\/posts\/24774","targetHints":{"allow":["GET"]}}],"collection":[{"href":"https:\/\/www.europesays.com\/fr\/wp-json\/wp\/v2\/posts"}],"about":[{"href":"https:\/\/www.europesays.com\/fr\/wp-json\/wp\/v2\/types\/post"}],"author":[{"embeddable":true,"href":"https:\/\/www.europesays.com\/fr\/wp-json\/wp\/v2\/users\/2"}],"replies":[{"embeddable":true,"href":"https:\/\/www.europesays.com\/fr\/wp-json\/wp\/v2\/comments?post=24774"}],"version-history":[{"count":0,"href":"https:\/\/www.europesays.com\/fr\/wp-json\/wp\/v2\/posts\/24774\/revisions"}],"wp:featuredmedia":[{"embeddable":true,"href":"https:\/\/www.europesays.com\/fr\/wp-json\/wp\/v2\/media\/24775"}],"wp:attachment":[{"href":"https:\/\/www.europesays.com\/fr\/wp-json\/wp\/v2\/media?parent=24774"}],"wp:term":[{"taxonomy":"category","embeddable":true,"href":"https:\/\/www.europesays.com\/fr\/wp-json\/wp\/v2\/categories?post=24774"},{"taxonomy":"post_tag","embeddable":true,"href":"https:\/\/www.europesays.com\/fr\/wp-json\/wp\/v2\/tags?post=24774"}],"curies":[{"name":"wp","href":"https:\/\/api.w.org\/{rel}","templated":true}]}}