{"id":247742,"date":"2025-07-13T18:56:15","date_gmt":"2025-07-13T18:56:15","guid":{"rendered":"https:\/\/www.europesays.com\/fr\/247742\/"},"modified":"2025-07-13T18:56:15","modified_gmt":"2025-07-13T18:56:15","slug":"ses-parents-retournent-sur-les-lieux-du-drame","status":"publish","type":"post","link":"https:\/\/www.europesays.com\/fr\/247742\/","title":{"rendered":"Ses parents retournent sur les lieux du drame"},"content":{"rendered":"<p>Medhi Narjissi a disparu le 7 ao\u00fbt 2024, alors qu\u2019il \u00e9tait en stage avec le XV de France des moins de 18 ans en Afrique du Sud. Un an apr\u00e8s les faits, Jalil et Val\u00e9rie Narjissi, <a href=\"https:\/\/www.bladi.net\/disparition-medhi-narjissi-parents-accusent-federation-francaise,110183.html\" class=\"spip_in\" rel=\"nofollow noopener\" target=\"_blank\">les parents du joueur du Stade Toulousain<\/a>, vont se recueillir sur la plage Dias Beach, au Cap de Bonne Esp\u00e9rance, o\u00f9 Medhi a disparu. Ils devraient \u00e9galement \u00eatre entendus par les services de police et de justice sud-africaine dans le cadre de l\u2019enqu\u00eate en cours, relaie La D\u00e9p\u00eache.<\/p>\n<p><strong>\u00c0 lire\u00a0: <a href=\"https:\/\/www.bladi.net\/qui-est-responsable-justice-empare-affaire-mehdi-narjissi,114265.html\" class=\"spip_in\" rel=\"nofollow noopener\" target=\"_blank\">Qui est responsable\u00a0?  La justice s\u2019empare de l\u2019affaire Mehdi Narjissi  <\/a><\/strong><\/p>\n<p>\u00ab\u00a0Il para\u00eet qu\u2019une enqu\u00eate est en cours l\u00e0-bas, bien que je n\u2019en connaisse ni les termes ni les limites exactes. Jalil Narjissi et son \u00e9pouse Val\u00e9rie se rendront en Afrique du Sud \u00e0 l\u2019occasion de la date anniversaire de la disparition de leur fils. J\u2019esp\u00e8re qu\u2019ils pourront \u00eatre auditionn\u00e9s dans le cadre de cette enqu\u00eate publique en Afrique du Sud pour que le r\u00f4le de Fr\u00e9d\u00e9ric Plach\u00e9si, le voyagiste \u00e0 Pretoria qui a organis\u00e9 le s\u00e9jour de l\u2019\u00e9quipe de France U18, soit clarifi\u00e9\u00a0\u00bb, a d\u00e9clar\u00e9 Me Edouard Martial, l\u2019un des avocats de la famille du disparu.<\/p>\n<p><strong>\u00c0 lire\u00a0: <a href=\"https:\/\/www.bladi.net\/disparition-mysterieuse-medhi-narjissi,109844.html\" class=\"spip_in\" rel=\"nofollow noopener\" target=\"_blank\">Disparition myst\u00e9rieuse de Medhi Narjissi <\/a><\/strong><\/p>\n<p>Les parents de Medhi Narjissi devraient aussi porter plainte contre ce voyagiste, informe Victor Casellas, l\u2019autre avocat de la famille. \u00ab\u00a0C\u2019est notre objectif. Nous estimons que le voyagiste a des responsabilit\u00e9s dans les \u00e9v\u00e9nements du 7 ao\u00fbt en raison de ses obligations et de ses comp\u00e9tences\u00a0\u00bb, a-t-il soutenu. \u00ab\u00a0La F\u00e9d\u00e9ration fran\u00e7aise de rugby ne nous a jamais communiqu\u00e9 le contrat de prestation qui engage la soci\u00e9t\u00e9 charg\u00e9e de l\u2019accueil et de l\u2019organisation du stage sur place\u00a0\u00bb, rel\u00e8ve par ailleurs Me Edouard Martial.<\/p>\n<p><strong>\u00c0 lire\u00a0: <a href=\"https:\/\/www.bladi.net\/disparition-medhi-narjissi-parents-accusent-federation-francaise,110183.html\" class=\"spip_in\" rel=\"nofollow noopener\" target=\"_blank\">Mort de Medhi Narjissi\u00a0: ses parents accusent la F\u00e9d\u00e9ration<\/a><\/strong><\/p>\n<p>Selon l\u2019avocat, \u00ab\u00a0ce voyagiste-l\u00e0 n\u2019en est pas \u00e0 son premier accueil d\u2019\u00e9quipe de France. Il a r\u00e9alis\u00e9 plusieurs accueils sur ces m\u00eames lieux auparavant et il semblerait qu\u2019il se soit toujours oppos\u00e9 \u00e0 un bain, sous quelque forme que ce soit, dans l\u2019oc\u00e9an et sur la plage de Dias Beach. Et \u00e7a, on voudrait le savoir.\u00a0\u00bb Aucune proc\u00e9dure judiciaire ne serait ouverte pour le moment en Afrique du Sud. La plainte \u00e9ventuelle des parents Narjissi contre le voyagiste pourrait d\u00e9clencher cette proc\u00e9dure.<\/p>\n<p>Pour rappel, une proc\u00e9dure p\u00e9nale est en cours en France dans le cadre de cette affaire. Deux suspects ont \u00e9t\u00e9 mis en examen pour homicide involontaire. Il s\u2019agit de Robin Ladauge, le pr\u00e9parateur physique de l\u2019\u00e9quipe de France U18, qui a organis\u00e9 l\u2019activit\u00e9 en mer au cours de laquelle Medhi Narjissi a \u00e9t\u00e9 emport\u00e9\u00a0; et St\u00e9phane Cambos, le manager de la s\u00e9lection de jeunes. Me Edouard Martial esp\u00e8re que \u00ab\u00a0cette proc\u00e9dure s\u2019\u00e9tendra \u00e9galement \u00e0 Florian Grill, le pr\u00e9sident de la F\u00e9d\u00e9ration fran\u00e7aise de rugby\u00a0\u00bb, qui selon lui, \u00ab\u00a0a manqu\u00e9 \u00e0 ses devoirs lors de la constitution du groupe et de l\u2019envoi de mineurs en Afrique du Sud dans des conditions d\u00e9plorables.\u00a0\u00bb<\/p>\n","protected":false},"excerpt":{"rendered":"Medhi Narjissi a disparu le 7 ao\u00fbt 2024, alors qu\u2019il \u00e9tait en stage avec le XV de France&hellip;\n","protected":false},"author":2,"featured_media":247743,"comment_status":"","ping_status":"","sticky":false,"template":"","format":"standard","meta":{"footnotes":""},"categories":[1416],"tags":[1011,27,479,1468,60],"class_list":{"0":"post-247742","1":"post","2":"type-post","3":"status-publish","4":"format-standard","5":"has-post-thumbnail","7":"category-rugby","8":"tag-fr","9":"tag-france","10":"tag-rugby","11":"tag-rugby-football","12":"tag-sports"},"share_on_mastodon":{"url":"https:\/\/pubeurope.com\/@fr\/114847454566034489","error":""},"_links":{"self":[{"href":"https:\/\/www.europesays.com\/fr\/wp-json\/wp\/v2\/posts\/247742","targetHints":{"allow":["GET"]}}],"collection":[{"href":"https:\/\/www.europesays.com\/fr\/wp-json\/wp\/v2\/posts"}],"about":[{"href":"https:\/\/www.europesays.com\/fr\/wp-json\/wp\/v2\/types\/post"}],"author":[{"embeddable":true,"href":"https:\/\/www.europesays.com\/fr\/wp-json\/wp\/v2\/users\/2"}],"replies":[{"embeddable":true,"href":"https:\/\/www.europesays.com\/fr\/wp-json\/wp\/v2\/comments?post=247742"}],"version-history":[{"count":0,"href":"https:\/\/www.europesays.com\/fr\/wp-json\/wp\/v2\/posts\/247742\/revisions"}],"wp:featuredmedia":[{"embeddable":true,"href":"https:\/\/www.europesays.com\/fr\/wp-json\/wp\/v2\/media\/247743"}],"wp:attachment":[{"href":"https:\/\/www.europesays.com\/fr\/wp-json\/wp\/v2\/media?parent=247742"}],"wp:term":[{"taxonomy":"category","embeddable":true,"href":"https:\/\/www.europesays.com\/fr\/wp-json\/wp\/v2\/categories?post=247742"},{"taxonomy":"post_tag","embeddable":true,"href":"https:\/\/www.europesays.com\/fr\/wp-json\/wp\/v2\/tags?post=247742"}],"curies":[{"name":"wp","href":"https:\/\/api.w.org\/{rel}","templated":true}]}}