{"id":247750,"date":"2025-07-13T19:01:13","date_gmt":"2025-07-13T19:01:13","guid":{"rendered":"https:\/\/www.europesays.com\/fr\/247750\/"},"modified":"2025-07-13T19:01:13","modified_gmt":"2025-07-13T19:01:13","slug":"tdf-tour-de-france-paul-penhoet-on-casse-cette-spirale-negative-ca-fait-plaisir","status":"publish","type":"post","link":"https:\/\/www.europesays.com\/fr\/247750\/","title":{"rendered":"TDF. Tour de France &#8211; Paul Penho\u00ebt : \u00abOn casse cette spirale n\u00e9gative, \u00e7a fait plaisir\u00bb"},"content":{"rendered":"<p>Apr\u00e8s une bonne entame de <strong><a href=\"https:\/\/www.cyclismactu.net\/..\/news-tdf-route-tour-de-france-tim-merlier-s-offre-9e-etape-mathieu-van-der-poel-crucifie-88929.html\" target=\"_blank\" rel=\"nofollow noopener\">Tour de France<\/a><\/strong> \u00e0 Lille (7e), <strong>Paul Penho\u00ebt<\/strong> n&rsquo;avait pas pu encha\u00eener lors des deux sprints massifs suivants. Pris dans la chute \u00e0 l&rsquo;arriv\u00e9e \u00e0 Dunkerque, il avait ensuite \u00e9t\u00e9 malchanceux samedi \u00e0 Laval, victime d&rsquo;une crevaison dans le final. Une spirale n\u00e9gative \u00e0 laquelle le sprinteur de la <strong>Groupama-FDJ<\/strong> a pu mettre fin ce dimanche \u00e0\u00a0Ch\u00e2teauroux. Bien aid\u00e9 par ses co\u00e9quipiers <strong>Cyril Barthe<\/strong> et <strong>Cl\u00e9ment Russo<\/strong>, encore une fois exemplaires dans la pr\u00e9paration du sprint final, <strong>Penho\u00ebt<\/strong>\u00a0a de nouveau pu s&rsquo;exprimer dans la longue derni\u00e8re ligne droite dans la \u00ab\u00a0Cavendish City\u00a0\u00bb. S&rsquo;il n&rsquo;a bien \u00e9videmment pas pu rivaliser avec la puissance de <strong>Jonathan Milan<\/strong> (Lidl-Trek) et <strong>Tim Merlier<\/strong> (Soudal Quick-Step), il a d\u00e9croch\u00e9 un tr\u00e8s beau top 5 sur la ligne, le 3e pour la formation de <strong>Marc Madiot<\/strong> apr\u00e8s ceux de <strong>Romain Gr\u00e9goire<\/strong> dans le Nord. De quoi relancer la machine et donner le sourire \u00e0 toute l&rsquo;\u00e9quipe \u00e0 la veille d&rsquo;une 10e \u00e9tape pour le 14 juillet.<\/p>\n<p>Vid\u00e9o &#8211; Tim Merlier grand vainqueur \u00e0 Ch\u00e2teauroux, Paul Penho\u00ebt 5e Lire la suite de l&rsquo;article&#13;<\/p>\n<p>\u00a0<\/p>\n<p>&#13;<br \/>\n\u00ab\u00a0Le prochain sprint est dans longtemps,\u00a0mentalement \u00e7a fait du bien avant des \u00e9tapes difficiles\u00a0\u00bb&#13;<\/p>\n<p>\u00ab\u00a0On casse un peu cette spirale n\u00e9gative qu&rsquo;on avait depuis les deux derniers sprints\u00a0\u00bb, s&rsquo;est-il r\u00e9joui au micro de l&rsquo;organisation, juste devant son bus. \u00ab\u00a0Moi et l&rsquo;\u00e9quipe on se remet dans une bonne spirale, \u00e7a fait plaisir de remettre tout le monde d&rsquo;aplomb. Il faut vraiment souligner leur \u00e9norme travail aujourd&rsquo;hui (dimanche). On apprend \u00e0 vitesse grand V aux c\u00f4t\u00e9s des meilleurs sprinteurs du monde. Le placement est encore plus compliqu\u00e9 sur le Tour de France. Je reviens l\u00e0-dessus, mais le travail de mes co\u00e9quipiers \u00e9tait incroyable pour placer un sprinteur dans le dernier kilom\u00e8tre comme ils l&rsquo;ont fait, en tenant la baraque comme \u00e7a. C&rsquo;\u00e9tait vraiment impressionnant, donc merci \u00e0 eux\u00a0\u00bb, a-t-il expliqu\u00e9 avant de revenir plus en d\u00e9tail sur ce final intense.<\/p>\n<p>&#13;<\/p>\n<p>\u00ab\u00a0Un kilom\u00e8tre et 600 m\u00e8tres pour la derni\u00e8re ligne droite, c&rsquo;\u00e9tait quand m\u00eame tr\u00e8s tr\u00e8s long. Il restait encore Mathieu van der Poel devant, apr\u00e8s il y a eu une attaque, donc on a \u00e9t\u00e9 oblig\u00e9 d&rsquo;y aller. Moi j&rsquo;\u00e9tais 3e dans la roue, donc forc\u00e9ment\u00a0j&rsquo;ai pris un peu plus de vent. Mais je pense que c&rsquo;\u00e9tait quand m\u00eame une tr\u00e8s bonne position, car \u00e7a roulait tr\u00e8s vite, et \u00e7a aurait \u00e9t\u00e9 compliqu\u00e9 de remonter de derri\u00e8re. Malheureusement, il y a eu une vague qui est remont\u00e9e de la droite, \u00e7a a lanc\u00e9 un peu plus t\u00f4t. Je prends un petit coup de vent \u00e0 ce moment-l\u00e0, ce qui me co\u00fbte apr\u00e8s mon jump. Il faut retenir qu&rsquo;on \u00e9tait bien plac\u00e9, et c&rsquo;est comme \u00e7a qu&rsquo;on apprend. Il faut en tirer le positif. Le prochain sprint est dans longtemps, les prochaines \u00e9tapes vont \u00eatre dures, donc mentalement \u00e7a fait du bien d&rsquo;arriver dans une bonne spirale sur ces \u00e9tapes-l\u00e0\u00a0\u00bb, a conclu\u00a0<strong>Paul Penho\u00ebt.<\/strong><\/p>\n<p>Tour de France &#8211; Classement de la 9\u00e8 \u00e9tape Tour de France &#8211; Classement g\u00e9n\u00e9ral provisoire apr\u00e8s la 9\u00e8 \u00e9tape<\/p>\n","protected":false},"excerpt":{"rendered":"Apr\u00e8s une bonne entame de Tour de France \u00e0 Lille (7e), Paul Penho\u00ebt n&rsquo;avait pas pu encha\u00eener lors&hellip;\n","protected":false},"author":2,"featured_media":247751,"comment_status":"","ping_status":"","sticky":false,"template":"","format":"standard","meta":{"footnotes":""},"categories":[1411],"tags":[1154,207,211,1011,27,209,60,210,212,208,213],"class_list":{"0":"post-247750","1":"post","2":"type-post","3":"status-publish","4":"format-standard","5":"has-post-thumbnail","7":"category-cyclisme","8":"tag-cycling","9":"tag-cyclisme","10":"tag-ffc","11":"tag-fr","12":"tag-france","13":"tag-route","14":"tag-sports","15":"tag-tour-de-france","16":"tag-uci","17":"tag-velo","18":"tag-world-tour"},"share_on_mastodon":{"url":"https:\/\/pubeurope.com\/@fr\/114847474179959014","error":""},"_links":{"self":[{"href":"https:\/\/www.europesays.com\/fr\/wp-json\/wp\/v2\/posts\/247750","targetHints":{"allow":["GET"]}}],"collection":[{"href":"https:\/\/www.europesays.com\/fr\/wp-json\/wp\/v2\/posts"}],"about":[{"href":"https:\/\/www.europesays.com\/fr\/wp-json\/wp\/v2\/types\/post"}],"author":[{"embeddable":true,"href":"https:\/\/www.europesays.com\/fr\/wp-json\/wp\/v2\/users\/2"}],"replies":[{"embeddable":true,"href":"https:\/\/www.europesays.com\/fr\/wp-json\/wp\/v2\/comments?post=247750"}],"version-history":[{"count":0,"href":"https:\/\/www.europesays.com\/fr\/wp-json\/wp\/v2\/posts\/247750\/revisions"}],"wp:featuredmedia":[{"embeddable":true,"href":"https:\/\/www.europesays.com\/fr\/wp-json\/wp\/v2\/media\/247751"}],"wp:attachment":[{"href":"https:\/\/www.europesays.com\/fr\/wp-json\/wp\/v2\/media?parent=247750"}],"wp:term":[{"taxonomy":"category","embeddable":true,"href":"https:\/\/www.europesays.com\/fr\/wp-json\/wp\/v2\/categories?post=247750"},{"taxonomy":"post_tag","embeddable":true,"href":"https:\/\/www.europesays.com\/fr\/wp-json\/wp\/v2\/tags?post=247750"}],"curies":[{"name":"wp","href":"https:\/\/api.w.org\/{rel}","templated":true}]}}