{"id":247756,"date":"2025-07-13T19:04:37","date_gmt":"2025-07-13T19:04:37","guid":{"rendered":"https:\/\/www.europesays.com\/fr\/247756\/"},"modified":"2025-07-13T19:04:37","modified_gmt":"2025-07-13T19:04:37","slug":"un-projet-incroyable-decouvrez-ce-gratte-ciel-sous-marin-qui-defie-les-lois-de-larchitecture-moderne-et-promet-de-transformer-nos-oceans-en-metropoles-du-futur","status":"publish","type":"post","link":"https:\/\/www.europesays.com\/fr\/247756\/","title":{"rendered":"Un projet incroyable : d\u00e9couvrez ce gratte-ciel sous-marin qui d\u00e9fie les lois de l\u2019architecture moderne et promet de transformer nos oc\u00e9ans en m\u00e9tropoles du futur"},"content":{"rendered":"<tr>\n<td><strong>EN BREF<\/strong><\/td>\n<\/tr>\n<tr>\n<td>\n<ul>\n<li>\ud83c\udf0a Le <strong>gratte-mer<\/strong> est un projet architectural qui s\u2019\u00e9tend en profondeur pour r\u00e9pondre \u00e0 la mont\u00e9e des oc\u00e9ans.<\/li>\n<li>\ud83c\udfe1 Il vise \u00e0 cr\u00e9er des habitats <strong>autosuffisants<\/strong> gr\u00e2ce \u00e0 l\u2019\u00e9nergie \u00e9olienne et solaire, et \u00e0 des techniques de culture modernes.<\/li>\n<li>\ud83d\udc19 Inspir\u00e9 par la nature, son design utilise des <strong>tentacules<\/strong> pour stabiliser et g\u00e9n\u00e9rer de l\u2019\u00e9nergie cin\u00e9tique.<\/li>\n<li>\ud83d\udd0d Ce projet propose une nouvelle mani\u00e8re de vivre, int\u00e9grant espaces de vie et de travail en harmonie avec l\u2019environnement marin.<\/li>\n<\/ul>\n<\/td>\n<\/tr>\n<p>La mont\u00e9e des oc\u00e9ans et les changements climatiques poussent les architectes et urbanistes \u00e0 d\u00e9velopper des concepts innovants pour l\u2019habitat humain. Parmi ces projets avant-gardistes, le gratte-mer, ou \u00ab water-scraper \u00bb, se distingue par sa conception audacieuse. Inspir\u00e9 des gratte-ciels, cet \u00e9difice s\u2019\u00e9tend non pas vers le ciel, mais vers les profondeurs marines, proposant une solution durable face aux d\u00e9fis \u00e9cologiques actuels et futurs. Ce projet futuriste pourrait bien transformer notre mani\u00e8re de penser l\u2019urbanisation et la vie en milieu marin.<\/p>\n<p>Un d\u00e9fi \u00e9cologique d\u2019envergure<\/p>\n<p>Le concept de gratte-mer \u00e9merge dans un contexte de pr\u00e9occupations environnementales croissantes. La mont\u00e9e des oc\u00e9ans, aggrav\u00e9e par le r\u00e9chauffement climatique, menace directement les zones c\u00f4ti\u00e8res et leurs populations. Face \u00e0 ce d\u00e9fi, certaines agences d\u2019architecture explorent des solutions novatrices, telles que l\u2019urbanisation des mers. Le gratte-mer propose une alternative audacieuse : plut\u00f4t que de reculer face \u00e0 l\u2019avanc\u00e9e des eaux, il envisage de les utiliser comme un nouvel espace de d\u00e9veloppement. Ce projet s\u2019inscrit dans une logique de r\u00e9silience \u00e9cologique, visant \u00e0 r\u00e9duire notre impact environnemental tout en s\u2019adaptant aux changements in\u00e9vitables. En s\u2019inspirant de concepts tels que Turbine City, il cherche \u00e0 cr\u00e9er des habitats autosuffisants, capables de g\u00e9n\u00e9rer leur propre \u00e9nergie et de produire leur propre nourriture.<\/p>\n<blockquote class=\"wp-embedded-content\" data-secret=\"uJGt5m4ZFp\">\n<p><a href=\"https:\/\/www.innovant.fr\/2025\/06\/28\/decouverte-glacante-au-fond-de-locean-ce-redoutable-predateur-inconnu-vient-detre-identifie\/\" rel=\"nofollow noopener\" target=\"_blank\">D\u00e9couverte gla\u00e7ante au fond de l\u2019oc\u00e9an : ce redoutable pr\u00e9dateur inconnu vient d\u2019\u00eatre identifi\u00e9<\/a><\/p>\n<\/blockquote>\n<p>Autonomie \u00e9nerg\u00e9tique et alimentaire<\/p>\n<p>Un des atouts majeurs du gratte-mer r\u00e9side dans son autonomie. Gr\u00e2ce \u00e0 un ing\u00e9nieux syst\u00e8me combinant <strong>\u00e9nergie \u00e9olienne et solaire<\/strong>, cet \u00e9difice est capable de g\u00e9n\u00e9rer l\u2019\u00e9lectricit\u00e9 n\u00e9cessaire \u00e0 son fonctionnement. L\u2019agriculture traditionnelle y est remplac\u00e9e par des techniques modernes telles que l\u2019aquaculture et la culture hydroponique, permettant une production alimentaire locale et durable. Cette approche r\u00e9duit non seulement la d\u00e9pendance aux ressources ext\u00e9rieures, mais minimise \u00e9galement l\u2019empreinte carbone. La surface \u00e9merg\u00e9e de l\u2019\u00e9difice accueille une for\u00eat miniature, contribuant \u00e0 la biodiversit\u00e9 et offrant un espace de d\u00e9tente pour ses habitants. En fusionnant technologie et nature, le gratte-mer propose un mod\u00e8le d\u2019habitat en harmonie avec son environnement.<\/p>\n<blockquote class=\"wp-embedded-content\" data-secret=\"KHF6rk6mpM\">\n<p><a href=\"https:\/\/www.innovant.fr\/2025\/06\/24\/on-dirait-des-creatures-extraterrestres-ces-araignees-de-mer-vivent-dans-les-abysses-grace-a-du-methane-et-des-microbes-mutants\/\" rel=\"nofollow noopener\" target=\"_blank\">\u00ab On dirait des cr\u00e9atures extraterrestres \u00bb : ces araign\u00e9es de mer vivent dans les abysses gr\u00e2ce \u00e0 du m\u00e9thane et des microbes mutants<\/a><\/p>\n<\/blockquote>\n<p>Un design inspir\u00e9 de la nature<\/p>\n<p>Le design du gratte-mer s\u2019inspire directement des formes naturelles. Les ballasts, qui assurent la stabilit\u00e9 de l\u2019\u00e9difice, sont accompagn\u00e9s de structures tentaculaires, rappelant les mouvements gracieux d\u2019un calamar. <strong>Ces tentacules ne se contentent pas de stabiliser l\u2019\u00e9difice, ils g\u00e9n\u00e8rent \u00e9galement de l\u2019\u00e9nergie cin\u00e9tique<\/strong>, contribuant ainsi \u00e0 l\u2019autonomie \u00e9nerg\u00e9tique du projet. Ce biomim\u00e9tisme, qui consiste \u00e0 s\u2019inspirer des solutions d\u00e9velopp\u00e9es par la nature, permet d\u2019optimiser l\u2019efficacit\u00e9 de l\u2019\u00e9difice tout en lui conf\u00e9rant une esth\u00e9tique unique. Le projet de Sarly Adre Bin Sarkum d\u00e9montre comment l\u2019architecture peut s\u2019inspirer de la nature pour cr\u00e9er des habitats \u00e0 la fois fonctionnels et respectueux de l\u2019environnement.<\/p>\n<blockquote class=\"wp-embedded-content\" data-secret=\"jF5j9D93tO\">\n<p><a href=\"https:\/\/www.innovant.fr\/2024\/08\/18\/enquete-choc-ces-influenceurs-tres-connus-qui-achetent-des-followers-pour-gagner-de-largent\/\" rel=\"nofollow noopener\" target=\"_blank\">Enqu\u00eate choc : ces influenceurs tr\u00e8s connus qui ach\u00e8tent des followers pour gagner de l\u2019argent<\/a><\/p>\n<\/blockquote>\n<p>Vers une nouvelle mani\u00e8re de vivre<\/p>\n<p>Le gratte-mer ne se contente pas d\u2019\u00eatre un simple projet architectural ; il pr\u00e9figure une nouvelle mani\u00e8re de vivre. En combinant espaces de vie et de travail, il propose un mode de vie int\u00e9gralement int\u00e9gr\u00e9, o\u00f9 chaque aspect du quotidien est pens\u00e9 pour \u00eatre en symbiose avec l\u2019environnement. Les niveaux inf\u00e9rieurs, situ\u00e9s sous l\u2019eau, offrent des vues imprenables sur la faune et la flore marines, transformant chaque journ\u00e9e en une exp\u00e9rience unique. Ce projet nous invite \u00e0 repenser notre relation avec notre plan\u00e8te, en explorant de nouvelles fa\u00e7ons d\u2019habiter des espaces jusque-l\u00e0 inaccessibles. Le gratte-mer pourrait bien \u00eatre le premier d\u2019une longue s\u00e9rie d\u2019innovations architecturales, ouvrant la voie \u00e0 un avenir o\u00f9 l\u2019homme et la nature coexistent harmonieusement.<\/p>\n<p>Alors que les d\u00e9fis climatiques se multiplient, des solutions comme le gratte-mer montrent qu\u2019il est possible de combiner innovation et respect de l\u2019environnement. Ce projet pose une question fondamentale : sommes-nous pr\u00eats \u00e0 adopter ces nouvelles mani\u00e8res de vivre pour assurer notre survie et pr\u00e9server notre plan\u00e8te ?<\/p>\n<p>L\u2019auteur s\u2019est appuy\u00e9 sur l\u2019intelligence artificielle pour enrichir cet article.<\/p>\n<p id=\"rating\">\u00c7a vous a plu ?\u00a04.5\/5 (22)<\/p>\n","protected":false},"excerpt":{"rendered":"EN BREF \ud83c\udf0a Le gratte-mer est un projet architectural qui s\u2019\u00e9tend en profondeur pour r\u00e9pondre \u00e0 la mont\u00e9e&hellip;\n","protected":false},"author":2,"featured_media":247757,"comment_status":"","ping_status":"","sticky":false,"template":"","format":"standard","meta":{"footnotes":""},"categories":[1358],"tags":[1348,1384,1385,1386,58,59,1011,27],"class_list":{"0":"post-247756","1":"post","2":"type-post","3":"status-publish","4":"format-standard","5":"has-post-thumbnail","7":"category-arts-et-design","8":"tag-arts","9":"tag-arts-and-design","10":"tag-arts-et-design","11":"tag-design","12":"tag-divertissement","13":"tag-entertainment","14":"tag-fr","15":"tag-france"},"share_on_mastodon":{"url":"https:\/\/pubeurope.com\/@fr\/114847485964068676","error":""},"_links":{"self":[{"href":"https:\/\/www.europesays.com\/fr\/wp-json\/wp\/v2\/posts\/247756","targetHints":{"allow":["GET"]}}],"collection":[{"href":"https:\/\/www.europesays.com\/fr\/wp-json\/wp\/v2\/posts"}],"about":[{"href":"https:\/\/www.europesays.com\/fr\/wp-json\/wp\/v2\/types\/post"}],"author":[{"embeddable":true,"href":"https:\/\/www.europesays.com\/fr\/wp-json\/wp\/v2\/users\/2"}],"replies":[{"embeddable":true,"href":"https:\/\/www.europesays.com\/fr\/wp-json\/wp\/v2\/comments?post=247756"}],"version-history":[{"count":0,"href":"https:\/\/www.europesays.com\/fr\/wp-json\/wp\/v2\/posts\/247756\/revisions"}],"wp:featuredmedia":[{"embeddable":true,"href":"https:\/\/www.europesays.com\/fr\/wp-json\/wp\/v2\/media\/247757"}],"wp:attachment":[{"href":"https:\/\/www.europesays.com\/fr\/wp-json\/wp\/v2\/media?parent=247756"}],"wp:term":[{"taxonomy":"category","embeddable":true,"href":"https:\/\/www.europesays.com\/fr\/wp-json\/wp\/v2\/categories?post=247756"},{"taxonomy":"post_tag","embeddable":true,"href":"https:\/\/www.europesays.com\/fr\/wp-json\/wp\/v2\/tags?post=247756"}],"curies":[{"name":"wp","href":"https:\/\/api.w.org\/{rel}","templated":true}]}}