{"id":247760,"date":"2025-07-13T19:06:10","date_gmt":"2025-07-13T19:06:10","guid":{"rendered":"https:\/\/www.europesays.com\/fr\/247760\/"},"modified":"2025-07-13T19:06:10","modified_gmt":"2025-07-13T19:06:10","slug":"matthieu-delormeau-interne-linquietude-monte-apres-la-diffusion-dune-video-intime","status":"publish","type":"post","link":"https:\/\/www.europesays.com\/fr\/247760\/","title":{"rendered":"Matthieu Delormeau intern\u00e9 ? L\u2019inqui\u00e9tude monte apr\u00e8s la diffusion d\u2019une vid\u00e9o intime"},"content":{"rendered":"<p class=\"p1\">Rien ne va plus pour <strong>Matthieu<br \/>\nDelormeau<\/strong>. Mardi 8 juillet, l\u2019ancien animateur de TPMP<br \/>\nPeople a provoqu\u00e9 une pol\u00e9mique sur les r\u00e9seaux sociaux. En effet,<br \/>\ndans la soir\u00e9e, il a d\u00e9voil\u00e9 <a href=\"https:\/\/www.closermag.fr\/people\/matthieu-delormeau-cette-video-tres-intime-accidentellement-publiee-sur-instagram-qui-choque-3562162\" rel=\"nofollow noopener\" target=\"_blank\"><br \/>\nune vid\u00e9o intime<\/a> dans sa story Instagram. La vid\u00e9o, le montrant<br \/>\n<strong>nu sur son canap\u00e9<\/strong>, est ainsi rest\u00e9e en ligne<br \/>\ndurant une vingtaine de minutes.<\/p>\n<p class=\"p1\">Si le chroniqueur a ensuite supprim\u00e9 la story,<br \/>\ncelle-ci a \u00e9t\u00e9 <strong>relay\u00e9e en masse<\/strong> sur les r\u00e9seaux<br \/>\nsociaux. Alors qu\u2019il pourrait aussi bien s\u2019agir d\u2019un accident,<br \/>\nd\u2019une provocation ou d\u2019un appel \u00e0 l\u2019aide, ses fans ont rapidement<br \/>\nexprim\u00e9 leur <strong>inqui\u00e9tude<\/strong> \u00e0 son sujet.<\/p>\n<p>Matthieu Delormeau pourrait avoir \u00e9t\u00e9<br \/>\nhospitalis\u00e9<\/p>\n<p class=\"p1\">Au lendemain de la diffusion de sa vid\u00e9o intime,<br \/>\n<a href=\"https:\/\/www.closermag.fr\/people\/matthieu-delormeau-dans-la-tourmente-son-geste-lourd-de-sens-apres-la-diffusion-dune-video-intime-3562405\" rel=\"nofollow noopener\" target=\"_blank\"><br \/>\nMatthieu Delormeau<\/a> a pris <strong>une grande d\u00e9cision<\/strong>.<br \/>\nIl a pass\u00e9 son compte Instagram en <strong>priv\u00e9<\/strong>. Depuis,<br \/>\nl\u2019homme de 51 ans n\u2019a plus donn\u00e9 aucune nouvelle de lui.<\/p>\n<p class=\"p1\">Dimanche 13 juillet, <strong>le blogueur<br \/>\nAqababe<\/strong> a cependant fait une r\u00e9v\u00e9lation. Lors d\u2019une s\u00e9ance<br \/>\nde questions-r\u00e9ponses avec ses abonn\u00e9s sur <a href=\"https:\/\/www.instagram.com\/aqababe\/\" target=\"_blank\" rel=\"nofollow noopener\">Instagram<\/a>, il a \u00e9t\u00e9 interrog\u00e9 sur<br \/>\n<strong>l\u2019\u00e9tat de sant\u00e9<\/strong> de Matthieu Delormeau.<br \/>\n\u201cD\u2019apr\u00e8s une de mes sources, il serait actuellement hospitalis\u00e9<br \/>\nen psychiatrie\u201d, a-t-il alors indiqu\u00e9. Une information qui n\u2019a<br \/>\ncependant <strong>pas \u00e9t\u00e9 confirm\u00e9e par son entourage<\/strong>. Le<br \/>\nblogueur a d\u2019ailleurs pr\u00e9cis\u00e9 qu\u2019il attend d\u2019avoir une confirmation<br \/>\nou plus d\u2019informations pour s\u2019exprimer \u00e0 ce propos.<\/p>\n<p>L\u2019animateur traverse une p\u00e9riode<br \/>\ncompliqu\u00e9e<\/p>\n<p class=\"p1\">L\u2019hospitalisation possible de Matthieu Delormeau n\u2019a<br \/>\npas encore \u00e9t\u00e9 confirm\u00e9e. On sait cependant qu\u2019il traverse<br \/>\n<strong>une p\u00e9riode compliqu\u00e9e<\/strong> depuis plusieurs mois. En<br \/>\njuillet 2024, l\u2019ancien chroniqueur de Cyril Hanouna avait ainsi \u00e9t\u00e9<br \/>\ninterpell\u00e9 alors qu\u2019il <strong>proc\u00e9dait \u00e0 un deal<\/strong> \u00e0<br \/>\nSaint-Germain-des-Pr\u00e8s. Quelques jours plus tard, le magazine<br \/>\nPublic avait affirm\u00e9 qu\u2019il avait fait une tentative de<br \/>\nsuicide. Une information ensuite d\u00e9mentie par son entourage.<\/p>\n<p class=\"p1\">En f\u00e9vrier dernier, Matthieu Delormeau a de nouveau<br \/>\nfait parler de lui. Cette fois, l\u2019animateur a \u00e9t\u00e9 arr\u00eat\u00e9 en train<br \/>\nd\u2019<strong>acheter de la coca\u00efne<\/strong>. Il a \u00e9t\u00e9 <a href=\"https:\/\/www.telestar.fr\/actu_tv\/tpmp\/tpmp-matthieu-delormeau-sort-du-silence-pour-la-premiere-fois-depuis-sa-garde-a-vue-et-cest-etrange-1713965\" target=\"_blank\" rel=\"noopener nofollow\">plac\u00e9 en garde \u00e0 vue<\/a> et a \u00e9cop\u00e9<br \/>\nd\u2019une amende de 800 euros. De quoi impacter sa r\u00e9putation, d\u00e9j\u00e0<br \/>\nfragilis\u00e9e par plusieurs scandales.<\/p>\n<p><script async src=\"\/\/www.instagram.com\/embed.js\"><\/script><\/p>\n","protected":false},"excerpt":{"rendered":"Rien ne va plus pour Matthieu Delormeau. Mardi 8 juillet, l\u2019ancien animateur de TPMP People a provoqu\u00e9 une&hellip;\n","protected":false},"author":2,"featured_media":247761,"comment_status":"","ping_status":"","sticky":false,"template":"","format":"standard","meta":{"footnotes":""},"categories":[1356],"tags":[548,58,59,1011,27,7830,252,1364],"class_list":{"0":"post-247760","1":"post","2":"type-post","3":"status-publish","4":"format-standard","5":"has-post-thumbnail","7":"category-television","8":"tag-article-simple","9":"tag-divertissement","10":"tag-entertainment","11":"tag-fr","12":"tag-france","13":"tag-matthieu-delormeau","14":"tag-television","15":"tag-tv"},"share_on_mastodon":{"url":"https:\/\/pubeurope.com\/@fr\/114847494028523645","error":""},"_links":{"self":[{"href":"https:\/\/www.europesays.com\/fr\/wp-json\/wp\/v2\/posts\/247760","targetHints":{"allow":["GET"]}}],"collection":[{"href":"https:\/\/www.europesays.com\/fr\/wp-json\/wp\/v2\/posts"}],"about":[{"href":"https:\/\/www.europesays.com\/fr\/wp-json\/wp\/v2\/types\/post"}],"author":[{"embeddable":true,"href":"https:\/\/www.europesays.com\/fr\/wp-json\/wp\/v2\/users\/2"}],"replies":[{"embeddable":true,"href":"https:\/\/www.europesays.com\/fr\/wp-json\/wp\/v2\/comments?post=247760"}],"version-history":[{"count":0,"href":"https:\/\/www.europesays.com\/fr\/wp-json\/wp\/v2\/posts\/247760\/revisions"}],"wp:featuredmedia":[{"embeddable":true,"href":"https:\/\/www.europesays.com\/fr\/wp-json\/wp\/v2\/media\/247761"}],"wp:attachment":[{"href":"https:\/\/www.europesays.com\/fr\/wp-json\/wp\/v2\/media?parent=247760"}],"wp:term":[{"taxonomy":"category","embeddable":true,"href":"https:\/\/www.europesays.com\/fr\/wp-json\/wp\/v2\/categories?post=247760"},{"taxonomy":"post_tag","embeddable":true,"href":"https:\/\/www.europesays.com\/fr\/wp-json\/wp\/v2\/tags?post=247760"}],"curies":[{"name":"wp","href":"https:\/\/api.w.org\/{rel}","templated":true}]}}