{"id":247766,"date":"2025-07-13T19:09:11","date_gmt":"2025-07-13T19:09:11","guid":{"rendered":"https:\/\/www.europesays.com\/fr\/247766\/"},"modified":"2025-07-13T19:09:11","modified_gmt":"2025-07-13T19:09:11","slug":"il-regule-la-glycemie-et-aide-a-nettoyer-le-foie","status":"publish","type":"post","link":"https:\/\/www.europesays.com\/fr\/247766\/","title":{"rendered":"il r\u00e9gule la glyc\u00e9mie et aide \u00e0 nettoyer le foie"},"content":{"rendered":"<p>Les fruits sont essentiels \u00e0 une alimentation \u00e9quilibr\u00e9e. Mais en cas de diab\u00e8te, leur consommation peut poser question. Car quand bien m\u00eame ils regorgent de vitamines et de min\u00e9raux, certains se r\u00e9v\u00e8lent tr\u00e8s sucr\u00e9s et peuvent faire grimper la glyc\u00e9mie. La F\u00e9d\u00e9ration Fran\u00e7aise des Diab\u00e9tiques explique qu\u2019il est tout \u00e0 fait possible de se faire plaisir, en faisant attention \u00e0 la quantit\u00e9, en r\u00e9partissant bien les portions et en accompagnant les fruits particuli\u00e8rement sucr\u00e9s, comme les cerises, le raisin et la past\u00e8que, d\u2019un yaourt pour diminuer l\u2019index glyc\u00e9mique. Une nutritionniste br\u00e9silienne, Karla Leal, sensibilise sur les bienfaits de la papaye, particuli\u00e8rement int\u00e9ressante pour les diab\u00e9tique. Au sein du m\u00e9dia Tua Saude, elle explique comment ce fruit peut aider \u00e0 ralentir le passage du sucre dans le sang.<\/p>\n<p><b>Sa richesse en fibres ralentit l&rsquo;absorption des sucres<\/b><\/p>\n<p>La papaye est un fruit tropical \u00e0 l\u2019index glyc\u00e9mique mod\u00e9r\u00e9, ce qui en fait un aliment int\u00e9ressant pour les personnes diab\u00e9tiques. Riche en fibres, en antioxydants et en vitamines (notamment la vitamine C), elle aide \u00e0 ralentir l\u2019absorption des sucres et \u00e0 limiter les pics glyc\u00e9miques. Sa teneur en papa\u00efne, une enzyme digestive, peut \u00e9galement favoriser une bonne digestion. Int\u00e9gr\u00e9e \u00e0 une alimentation \u00e9quilibr\u00e9e, la papaye peut donc s\u2019inscrire dans une approche nutritionnelle adapt\u00e9e au diab\u00e8te. Veillez, n\u00e9anmoins, \u00e0 privil\u00e9gier le fruit frais et entier (&#8230;)<\/p>\n<p><a href=\"https:\/\/www.topsante.com\/medecine\/maladies_chroniques\/voici-le-meilleur-fruit-pour-un-diabetique-il-regule-la-glycemie-et-aide-a-nettoyer-le-foie-920709?utm_campaign=partenariat&amp;utm_source=yahoo-articles&amp;utm_medium=flux\" rel=\"nofollow noopener\" target=\"_blank\" data-ylk=\"slk:Lire la suite sur Top Sant\u00e9;elm:context_link;itc:0;sec:content-canvas\" class=\"link \">Lire la suite sur Top Sant\u00e9<\/a><\/p>\n<p><a href=\"https:\/\/www.topsante.com\/nutrition_et_recettes\/des-risques-de-cancer-avec-le-barbecue-sauf-si-vous-choisissez-ces-3-viandes-assure-une-oncologue-920790?utm_campaign=partenariat&amp;utm_source=yahoo-articles&amp;utm_medium=flux\" rel=\"nofollow noopener\" target=\"_blank\" data-ylk=\"slk:Des risques de cancer avec le barbecue, sauf si vous choisissez ces 3 viandes, assure une oncologue;elm:context_link;itc:0;sec:content-canvas\" class=\"link \">Des risques de cancer avec le barbecue, sauf si vous choisissez ces 3 viandes, assure une oncologue<\/a><br \/><a href=\"https:\/\/www.topsante.com\/medecine\/maladies_chroniques\/diabete\/en-angleterre-les-autorites-de-sante-testent-un-medicament-revolutionnaire-qui-pourrait-retarder-le-diabete-de-type-1-920696?utm_campaign=partenariat&amp;utm_source=yahoo-articles&amp;utm_medium=flux\" rel=\"nofollow noopener\" target=\"_blank\" data-ylk=\"slk:Le NHS teste un m\u00e9dicament r\u00e9volutionnaire qui pourrait retarder le diab\u00e8te de type 1;elm:context_link;itc:0;sec:content-canvas\" class=\"link \">Le NHS teste un m\u00e9dicament r\u00e9volutionnaire qui pourrait retarder le diab\u00e8te de type 1<\/a><br \/><a href=\"https:\/\/www.topsante.com\/medecine\/accidents_et_traumatismes\/piqures_morsures\/ni-moustique-ni-guepe-et-si-le-veritable-danger-de-lete-navait-pas-dailes-920693?utm_campaign=partenariat&amp;utm_source=yahoo-articles&amp;utm_medium=flux\" rel=\"nofollow noopener\" target=\"_blank\" data-ylk=\"slk:Ni moustique ni gu\u00eape : et si le v\u00e9ritable danger de l&#039;\u00e9t\u00e9 n&#039;avait pas d&#039;ailes ?;elm:context_link;itc:0;sec:content-canvas\" class=\"link \">Ni moustique ni gu\u00eape : et si le v\u00e9ritable danger de l&rsquo;\u00e9t\u00e9 n&rsquo;avait pas d&rsquo;ailes ?<\/a><br \/><a href=\"https:\/\/www.topsante.com\/beaute_soins\/solaire_bronzage\/protection_solaire\/quelle-creme-appliquer-apres-le-soleil-une-dermatologue-revele-les-4-marques-quelle-utilise-en-ete-920625?utm_campaign=partenariat&amp;utm_source=yahoo-articles&amp;utm_medium=flux\" rel=\"nofollow noopener\" target=\"_blank\" data-ylk=\"slk:Quelle cr\u00e8me appliquer apr\u00e8s le soleil ? Une dermatologue r\u00e9v\u00e8le les 4 marques qu&#039;elle utilise en \u00e9t\u00e9;elm:context_link;itc:0;sec:content-canvas\" class=\"link \">Quelle cr\u00e8me appliquer apr\u00e8s le soleil ? Une dermatologue r\u00e9v\u00e8le les 4 marques qu&rsquo;elle utilise en \u00e9t\u00e9<\/a><br \/><a href=\"https:\/\/www.topsante.com\/beaute_soins\/solaire_bronzage\/protection_solaire\/les-traces-de-bronzage-sur-la-peau-plus-dangereuses-que-vous-ne-le-croyez-des-experts-sonnent-lalerte-920690?utm_campaign=partenariat&amp;utm_source=yahoo-articles&amp;utm_medium=flux\" rel=\"nofollow noopener\" target=\"_blank\" data-ylk=\"slk:Les traces de bronzage sur la peau, plus dangereuses que vous ne le croyez : des experts sonnent l&#039;alerte;elm:context_link;itc:0;sec:content-canvas\" class=\"link \">Les traces de bronzage sur la peau, plus dangereuses que vous ne le croyez : des experts sonnent l&rsquo;alerte<\/a><\/p>\n","protected":false},"excerpt":{"rendered":"Les fruits sont essentiels \u00e0 une alimentation \u00e9quilibr\u00e9e. Mais en cas de diab\u00e8te, leur consommation peut poser question.&hellip;\n","protected":false},"author":2,"featured_media":247767,"comment_status":"","ping_status":"","sticky":false,"template":"","format":"standard","meta":{"footnotes":""},"categories":[10],"tags":[17689,1011,27,38815,72,71,38814],"class_list":{"0":"post-247766","1":"post","2":"type-post","3":"status-publish","4":"format-standard","5":"has-post-thumbnail","7":"category-sante","8":"tag-alimentation-equilibree","9":"tag-fr","10":"tag-france","11":"tag-fruit","12":"tag-health","13":"tag-sante","14":"tag-sucre-dans-le-sang"},"share_on_mastodon":{"url":"https:\/\/pubeurope.com\/@fr\/114847505687693652","error":""},"_links":{"self":[{"href":"https:\/\/www.europesays.com\/fr\/wp-json\/wp\/v2\/posts\/247766","targetHints":{"allow":["GET"]}}],"collection":[{"href":"https:\/\/www.europesays.com\/fr\/wp-json\/wp\/v2\/posts"}],"about":[{"href":"https:\/\/www.europesays.com\/fr\/wp-json\/wp\/v2\/types\/post"}],"author":[{"embeddable":true,"href":"https:\/\/www.europesays.com\/fr\/wp-json\/wp\/v2\/users\/2"}],"replies":[{"embeddable":true,"href":"https:\/\/www.europesays.com\/fr\/wp-json\/wp\/v2\/comments?post=247766"}],"version-history":[{"count":0,"href":"https:\/\/www.europesays.com\/fr\/wp-json\/wp\/v2\/posts\/247766\/revisions"}],"wp:featuredmedia":[{"embeddable":true,"href":"https:\/\/www.europesays.com\/fr\/wp-json\/wp\/v2\/media\/247767"}],"wp:attachment":[{"href":"https:\/\/www.europesays.com\/fr\/wp-json\/wp\/v2\/media?parent=247766"}],"wp:term":[{"taxonomy":"category","embeddable":true,"href":"https:\/\/www.europesays.com\/fr\/wp-json\/wp\/v2\/categories?post=247766"},{"taxonomy":"post_tag","embeddable":true,"href":"https:\/\/www.europesays.com\/fr\/wp-json\/wp\/v2\/tags?post=247766"}],"curies":[{"name":"wp","href":"https:\/\/api.w.org\/{rel}","templated":true}]}}