{"id":247770,"date":"2025-07-13T19:11:10","date_gmt":"2025-07-13T19:11:10","guid":{"rendered":"https:\/\/www.europesays.com\/fr\/247770\/"},"modified":"2025-07-13T19:11:10","modified_gmt":"2025-07-13T19:11:10","slug":"le-tacle-de-benjamin-duhamel-a-cnews-pour-ses-adieux-a-bfmtv","status":"publish","type":"post","link":"https:\/\/www.europesays.com\/fr\/247770\/","title":{"rendered":"le tacle de Benjamin Duhamel \u00e0 CNews pour ses adieux \u00e0 BFMTV"},"content":{"rendered":"<p>    Benjamin Duhamel fait ses adieux \u00e0 BFMTV.<br \/>\n                Capture \u00e9cran<\/p>\n<p>Dans sa derni\u00e8re \u00e9mission avant de rejoindre \u00e0 la rentr\u00e9e la matinale de France Inter, le journaliste a adress\u00e9 une piquante amabilit\u00e9 \u00e0 la cha\u00eene du groupe Vivendi.<\/p>\n<p class=\"fig-paragraph\">C\u2019est le dernier \u00abDuel du dimanche\u00bb de la saison, mais le tout dernier pour\u00a0<a href=\"http:\/\/tvmag.lefigaro.fr\/programme-tv\/actu-tele\/bon-vent-benjamin-duhamel-rend-hommage-a-son-oncle-alain-duhamel-pour-sa-derniere-sur-bfmtv-20250703\" target=\"_blank\" data-fig-type=\"Article\" rel=\"noopener nofollow\" data-gtm-custom-categorie=\"navigation\" data-gtm-custom-action=\"crossclick\" data-gtm-custom-label=\"Contextuel\" data-gtm-event=\"customEventSPE\" data-fig-domain=\"TVMAG\"><strong>Benjamin Duhamel<\/strong><\/a> . En effet, le journaliste qui officie sur BFMTV depuis 2019, ferme le chapitre t\u00e9l\u00e9vision de sa carri\u00e8re pour ouvrir celui de la radio. D\u00e8s la rentr\u00e9e, il officiera dans\u00a0<a href=\"http:\/\/tvmag.lefigaro.fr\/programme-tv\/actu-tele\/depart-de-lea-salame-arrivee-de-benjamin-duhamel-a-quoi-va-ressembler-la-matinale-de-france-inter-a-la-rentree-20250627\" target=\"_blank\" data-fig-type=\"Article\" rel=\"noopener nofollow\" data-gtm-custom-categorie=\"navigation\" data-gtm-custom-action=\"crossclick\" data-gtm-custom-label=\"Contextuel\" data-gtm-event=\"customEventSPE\" data-fig-domain=\"TVMAG\">la matinale de France Inter<\/a>, avec l\u2019interview politique de 7H50, \u00e0 la place de L\u00e9a Salam\u00e9. Ce soir, il n\u2019a pas h\u00e9sit\u00e9 \u00e0 donner \u00e0 la cha\u00eene d\u2019informations un ultime coup d\u2019\u00e9clat.<\/p>\n<p class=\"fig-paragraph\">Si d\u2019ordinaire il occupe l\u2019antenne jusqu\u2019\u00e0 20H00, Benjamin Duhamel a adress\u00e9 son message d\u2019adieu aux t\u00e9l\u00e9spectateurs aux alentours de 18H40. En effet, quelques minutes plus tard, le pr\u00e9sident de la R\u00e9publique Emmanuel Macron s\u2019adresse aux Fran\u00e7ais, \u00e0 la veille de la f\u00eate nationale, pour sa traditionnelle allocution aux arm\u00e9es.<\/p>\n<p>                                    <a class=\"fig-a11y-skip a11y-hidden\" href=\"#fig-a11y-skip-main-inarticle\"><br \/>\n        Passer la publicit\u00e9<br \/>\n    <\/a><\/p>\n<p class=\"fig-paragraph\">\u00abUn mot rapide\u00bb, d\u00e9bute Benjamin Duhamel avant de remercier ses collaborateurs. Herv\u00e9 B\u00e9roud, \u00abcelui qui m\u2019a recrut\u00e9\u00bb,\u00a0<a href=\"http:\/\/tvmag.lefigaro.fr\/programme-tv\/actu-tele\/on-a-beaucoup-joue-a-cache-cache-thomas-sotto-reagit-a-l-arrivee-de-marc-olivier-fogiel-dans-sa-matinale-de-rtl-20250524\" target=\"_blank\" data-fig-type=\"Article\" rel=\"noopener nofollow\" data-gtm-custom-categorie=\"navigation\" data-gtm-custom-action=\"crossclick\" data-gtm-custom-label=\"Contextuel\" data-gtm-event=\"customEventSPE\" data-fig-domain=\"TVMAG\">Marc-Olivier Fogiel<\/a>, Philippe Corb\u00e9 et Arthur Dreyfuss qui lui ont \u00abdonn\u00e9 sa chance comme pr\u00e9sentateur\u00bb. \u00abJe sais ce que je leur dois\u00bb, assure Benjamin Duhamel.<\/p>\n<p class=\"fig-body-link\">\n            \u00c0 lire aussi<br \/>\n        <a class=\"fig-body-link__link fig-premium-mark\" href=\"http:\/\/tvmag.lefigaro.fr\/programme-tv\/actu-tele\/agathe-lambret-benjamin-duhamel-aurelie-casse-eliot-deval-enquete-sur-les-figures-montantes-du-paf-20250102\" target=\"_blank\" data-fig-type=\"Article\" rel=\"noopener nofollow\" data-gtm-custom-categorie=\"navigation\" data-gtm-custom-action=\"crossclick\" data-gtm-custom-label=\"Contextuel\" data-gtm-event=\"customEventSPE\" data-fig-domain=\"TVMAG\">Benjamin Duhamel, Aur\u00e9lie Casse, Eliot Deval&#8230; Enqu\u00eate sur les figures montantes du PAF<br \/>\n    <\/a>\n<\/p>\n<p class=\"fig-paragraph\">Puis, c\u2019est en direction de la concurrence et plus particuli\u00e8rement de CNews, m\u00eame si le nom de la cha\u00eene n\u2019est pas cit\u00e9, que s\u2019adresse le journaliste de 30 ans. \u00abBFMTV restera incontournable parce que notre m\u00e9tier c\u2019est de faire de l\u2019information, ce n\u2019est pas de faire de l\u2019opinion. C\u2019est de savoir aussi penser contre soi-m\u00eame et je sais que c\u2019est votre boussole au quotidien\u00bb, ass\u00e8ne-t-il.<\/p>\n<p class=\"fig-paragraph\">Ce n\u2019est pas la premi\u00e8re fois que la cha\u00eene du groupe Vivendi est dans la ligne de mire de Benjamin Duhamel. \u00abC\u2019est un concurrent tout \u00e0 fait respectable. Mais on ne fait pas la m\u00eame chose qu\u2019eux. C\u2019est une cha\u00eene d\u2019opinion avec par ailleurs un projet id\u00e9ologique\u00bb,\u00a0<a href=\"https:\/\/tvmag.lefigaro.fr\/programme-tv\/actu-tele\/c-est-une-chaine-d-opinion-avec-un-projet-ideologique-benjamin-duhamel-tacle-cnews-20241104\" target=\"_blank\" data-fig-type=\"Article\" rel=\"noopener nofollow\" data-gtm-custom-categorie=\"navigation\" data-gtm-custom-action=\"crossclick\" data-gtm-custom-label=\"Contextuel\" data-gtm-event=\"customEventSPE\" data-fig-domain=\"TVMAG\">avait-il d\u00e9clar\u00e9<\/a>\u00a0dans une interview \u00e0 La Tribune Dimanche en juin dernier.<\/p>\n","protected":false},"excerpt":{"rendered":"Benjamin Duhamel fait ses adieux \u00e0 BFMTV. Capture \u00e9cran Dans sa derni\u00e8re \u00e9mission avant de rejoindre \u00e0 la&hellip;\n","protected":false},"author":2,"featured_media":247771,"comment_status":"","ping_status":"","sticky":false,"template":"","format":"standard","meta":{"footnotes":""},"categories":[8],"tags":[27439,10831,9722,58,59,1011,27],"class_list":{"0":"post-247770","1":"post","2":"type-post","3":"status-publish","4":"format-standard","5":"has-post-thumbnail","7":"category-divertissement","8":"tag-benjamin-duhamel","9":"tag-bfmtv","10":"tag-cnews","11":"tag-divertissement","12":"tag-entertainment","13":"tag-fr","14":"tag-france"},"share_on_mastodon":{"url":"https:\/\/pubeurope.com\/@fr\/114847513711758140","error":""},"_links":{"self":[{"href":"https:\/\/www.europesays.com\/fr\/wp-json\/wp\/v2\/posts\/247770","targetHints":{"allow":["GET"]}}],"collection":[{"href":"https:\/\/www.europesays.com\/fr\/wp-json\/wp\/v2\/posts"}],"about":[{"href":"https:\/\/www.europesays.com\/fr\/wp-json\/wp\/v2\/types\/post"}],"author":[{"embeddable":true,"href":"https:\/\/www.europesays.com\/fr\/wp-json\/wp\/v2\/users\/2"}],"replies":[{"embeddable":true,"href":"https:\/\/www.europesays.com\/fr\/wp-json\/wp\/v2\/comments?post=247770"}],"version-history":[{"count":0,"href":"https:\/\/www.europesays.com\/fr\/wp-json\/wp\/v2\/posts\/247770\/revisions"}],"wp:featuredmedia":[{"embeddable":true,"href":"https:\/\/www.europesays.com\/fr\/wp-json\/wp\/v2\/media\/247771"}],"wp:attachment":[{"href":"https:\/\/www.europesays.com\/fr\/wp-json\/wp\/v2\/media?parent=247770"}],"wp:term":[{"taxonomy":"category","embeddable":true,"href":"https:\/\/www.europesays.com\/fr\/wp-json\/wp\/v2\/categories?post=247770"},{"taxonomy":"post_tag","embeddable":true,"href":"https:\/\/www.europesays.com\/fr\/wp-json\/wp\/v2\/tags?post=247770"}],"curies":[{"name":"wp","href":"https:\/\/api.w.org\/{rel}","templated":true}]}}