{"id":247780,"date":"2025-07-13T19:16:11","date_gmt":"2025-07-13T19:16:11","guid":{"rendered":"https:\/\/www.europesays.com\/fr\/247780\/"},"modified":"2025-07-13T19:16:11","modified_gmt":"2025-07-13T19:16:11","slug":"diffusion-tv-chelsea-psg-decouvrez-sur-quelle-chaine-regarder-la-finale-de-la-coupe-du-monde-des-clubs","status":"publish","type":"post","link":"https:\/\/www.europesays.com\/fr\/247780\/","title":{"rendered":"Diffusion TV Chelsea \u2013 PSG : d\u00e9couvrez sur quelle cha\u00eene regarder la finale de la Coupe du monde des clubs"},"content":{"rendered":"<p class=\"paragraph text_align_left lp-f-body-02\">Ce dimanche soir, ne manquez pas la finale Chelsea \u2013 PSG. Les Blues, qui ont d\u00e9j\u00e0 remport\u00e9 un troph\u00e9e en 2021, acc\u00e8dent \u00e0 la finale pour la troisi\u00e8me fois. Cette semaine, les hommes d\u2019Enzo Maresca n\u2019ont pas d\u2019autre choix que de battre les champions d\u2019Europe pour ajouter un troph\u00e9e \u00e0 leur palmar\u00e8s. Pour cela, l\u2019entra\u00eeneur des Blues peut compter sur Pedro Neto, le meilleur buteur du club avec trois r\u00e9alisations. En face, le Paris Saint-Germain dispute pour la premi\u00e8re fois la finale de la Coupe du monde des clubs de la FIFA. Les joueurs de Luis Enrique ont pris un ticket pour la finale gr\u00e2ce \u00e0 la victoire contre la Casa Blanca. Les co\u00e9quipiers de Bradley Barcola ont \u00e9limin\u00e9 les Merengues sur un score de quatre buts \u00e0 z\u00e9ro. Apr\u00e8s avoir remport\u00e9 le championnat fran\u00e7ais et l\u2019UEFA Champions League, le Paris Saint-Germain va tout faire pour obtenir le sacre mondial. Pour m\u00e9moire, Chelsea n\u2019a pas battu le Paris Saint-Germain depuis 2014 (trois nuls et deux d\u00e9faites). Dans ces lignes, <a href=\"https:\/\/dazn.prf.hn\/click\/camref:1011lSfUI\" target=\"_blank\" rel=\"sponsored nofollow noopener\">on vous dit \u00e0 quelle heure et sur quelle cha\u00eene regarder la finale Chelsea \u2013 PSG, en direct ce dimanche.<\/a><\/p>\n<p>Diffusion TV Chelsea \u2013 PSG : tout savoir pour regarder le match en direct<\/p>\n<p class=\"paragraph text_align_left lp-f-body-02\">Le match qui oppose <a href=\"https:\/\/dazn.prf.hn\/click\/camref:1011lSfUI\" target=\"_blank\" rel=\"sponsored nofollow noopener\">Chelsea et le Paris Saint-Germain est diffus\u00e9 ce dimanche soir, en direct sur DAZN<\/a>. La rencontre est pr\u00e9vue \u00e0 21 heures, au MetLife Stadium de New York. Les commentateurs vous donnent rendez-vous \u00e0 20 heures pour faire le point sur les forces en vigueur, les enjeux et les derni\u00e8res actualit\u00e9s de clubs en lice. Ils d\u00e9cryptent ensuite les performances des joueurs, analysent les r\u00e9sultats et reviennent sur les temps forts de la soir\u00e9e.<\/p>\n<p class=\"paragraph text_align_left lp-f-body-02\"><b>Cliquez ici pour <\/b><a href=\"https:\/\/dazn.prf.hn\/click\/camref:1011lSfUI\" target=\"_blank\" rel=\"sponsored nofollow noopener\"><b>suivre la finale sur DAZN<\/b><\/a><\/p>\n","protected":false},"excerpt":{"rendered":"Ce dimanche soir, ne manquez pas la finale Chelsea \u2013 PSG. Les Blues, qui ont d\u00e9j\u00e0 remport\u00e9 un&hellip;\n","protected":false},"author":2,"featured_media":247781,"comment_status":"","ping_status":"","sticky":false,"template":"","format":"standard","meta":{"footnotes":""},"categories":[2],"tags":[11,11871,2269,1011,27,749,12,93,6718],"class_list":{"0":"post-247780","1":"post","2":"type-post","3":"status-publish","4":"format-standard","5":"has-post-thumbnail","7":"category-actualites","8":"tag-actualites","9":"tag-chelsea","10":"tag-fifa","11":"tag-fr","12":"tag-france","13":"tag-guide-shopping","14":"tag-news","15":"tag-psg","16":"tag-tv-streaming"},"share_on_mastodon":{"url":"https:\/\/pubeurope.com\/@fr\/114847533159685428","error":""},"_links":{"self":[{"href":"https:\/\/www.europesays.com\/fr\/wp-json\/wp\/v2\/posts\/247780","targetHints":{"allow":["GET"]}}],"collection":[{"href":"https:\/\/www.europesays.com\/fr\/wp-json\/wp\/v2\/posts"}],"about":[{"href":"https:\/\/www.europesays.com\/fr\/wp-json\/wp\/v2\/types\/post"}],"author":[{"embeddable":true,"href":"https:\/\/www.europesays.com\/fr\/wp-json\/wp\/v2\/users\/2"}],"replies":[{"embeddable":true,"href":"https:\/\/www.europesays.com\/fr\/wp-json\/wp\/v2\/comments?post=247780"}],"version-history":[{"count":0,"href":"https:\/\/www.europesays.com\/fr\/wp-json\/wp\/v2\/posts\/247780\/revisions"}],"wp:featuredmedia":[{"embeddable":true,"href":"https:\/\/www.europesays.com\/fr\/wp-json\/wp\/v2\/media\/247781"}],"wp:attachment":[{"href":"https:\/\/www.europesays.com\/fr\/wp-json\/wp\/v2\/media?parent=247780"}],"wp:term":[{"taxonomy":"category","embeddable":true,"href":"https:\/\/www.europesays.com\/fr\/wp-json\/wp\/v2\/categories?post=247780"},{"taxonomy":"post_tag","embeddable":true,"href":"https:\/\/www.europesays.com\/fr\/wp-json\/wp\/v2\/tags?post=247780"}],"curies":[{"name":"wp","href":"https:\/\/api.w.org\/{rel}","templated":true}]}}