{"id":247782,"date":"2025-07-13T19:17:15","date_gmt":"2025-07-13T19:17:15","guid":{"rendered":"https:\/\/www.europesays.com\/fr\/247782\/"},"modified":"2025-07-13T19:17:15","modified_gmt":"2025-07-13T19:17:15","slug":"saint-jean-bonnefonds-96-enfants-inscrits-affluence-record-au-centre-de-loisirs","status":"publish","type":"post","link":"https:\/\/www.europesays.com\/fr\/247782\/","title":{"rendered":"Saint-Jean-Bonnefonds. 96 enfants inscrits, affluence record au centre de loisirs"},"content":{"rendered":"<p>Les quinze animateurs, r\u00e9unis sous la direction d\u2019Efendi Demir, ont pr\u00e9par\u00e9 collectivement une programmation sur mesure pour les 96 enfants inscrits au centre de loisirs.<\/p>\n<p>Le fil rouge de la saison\u00a0: \u00ab\u00a0Le voyage\u00a0\u00bb, d\u00e9clin\u00e9 en sous-th\u00e8mes hebdomadaires, soigneusement con\u00e7us pour stimuler l\u2019imaginaire et la curiosit\u00e9 des jeunes participants. Pour les 24 enfants de 9 \u00e0 11 ans, la th\u00e9matique&#8230;<\/p>\n","protected":false},"excerpt":{"rendered":"Les quinze animateurs, r\u00e9unis sous la direction d\u2019Efendi Demir, ont pr\u00e9par\u00e9 collectivement une programmation sur mesure pour les&hellip;\n","protected":false},"author":2,"featured_media":247783,"comment_status":"","ping_status":"","sticky":false,"template":"","format":"standard","meta":{"footnotes":""},"categories":[9653],"tags":[1111,11,2430,1687,7539,1777,674,1011,27,12,25,4001,9664,9663],"class_list":{"0":"post-247782","1":"post","2":"type-post","3":"status-publish","4":"format-standard","5":"has-post-thumbnail","7":"category-saint-etienne","8":"tag-actu","9":"tag-actualites","10":"tag-auvergne-rhone-alpes","11":"tag-culture-loisirs","12":"tag-edition-loire-sud","13":"tag-eu","14":"tag-europe","15":"tag-fr","16":"tag-france","17":"tag-news","18":"tag-republique-francaise","19":"tag-saint-etienne","20":"tag-saint-etienne-bassin","21":"tag-saint-jean-bonnefonds"},"share_on_mastodon":{"url":"https:\/\/pubeurope.com\/@fr\/114847537149367274","error":""},"_links":{"self":[{"href":"https:\/\/www.europesays.com\/fr\/wp-json\/wp\/v2\/posts\/247782","targetHints":{"allow":["GET"]}}],"collection":[{"href":"https:\/\/www.europesays.com\/fr\/wp-json\/wp\/v2\/posts"}],"about":[{"href":"https:\/\/www.europesays.com\/fr\/wp-json\/wp\/v2\/types\/post"}],"author":[{"embeddable":true,"href":"https:\/\/www.europesays.com\/fr\/wp-json\/wp\/v2\/users\/2"}],"replies":[{"embeddable":true,"href":"https:\/\/www.europesays.com\/fr\/wp-json\/wp\/v2\/comments?post=247782"}],"version-history":[{"count":0,"href":"https:\/\/www.europesays.com\/fr\/wp-json\/wp\/v2\/posts\/247782\/revisions"}],"wp:featuredmedia":[{"embeddable":true,"href":"https:\/\/www.europesays.com\/fr\/wp-json\/wp\/v2\/media\/247783"}],"wp:attachment":[{"href":"https:\/\/www.europesays.com\/fr\/wp-json\/wp\/v2\/media?parent=247782"}],"wp:term":[{"taxonomy":"category","embeddable":true,"href":"https:\/\/www.europesays.com\/fr\/wp-json\/wp\/v2\/categories?post=247782"},{"taxonomy":"post_tag","embeddable":true,"href":"https:\/\/www.europesays.com\/fr\/wp-json\/wp\/v2\/tags?post=247782"}],"curies":[{"name":"wp","href":"https:\/\/api.w.org\/{rel}","templated":true}]}}