{"id":247788,"date":"2025-07-13T19:23:09","date_gmt":"2025-07-13T19:23:09","guid":{"rendered":"https:\/\/www.europesays.com\/fr\/247788\/"},"modified":"2025-07-13T19:23:09","modified_gmt":"2025-07-13T19:23:09","slug":"arthemis-et-r-diaz-brillent-dans-un-ensemble-de-qualite-a-villeneuve-les-maguel","status":"publish","type":"post","link":"https:\/\/www.europesays.com\/fr\/247788\/","title":{"rendered":"Arth\u00e9mis et R. Diaz brillent dans un ensemble de qualit\u00e9, \u00e0 Villeneuve-l\u00e8s-Maguel"},"content":{"rendered":"<p><strong>Entr\u00e9e\u00a0: \u00be d&rsquo;ar\u00e8ne. Organisation\u00a0: Section taurine Villeneuvoise. Pr\u00e9sidence\u00a0: Bruno S\u00e9guier Raseteurs droitiers\u00a0: Briand-Sastre (sort au 4e), S.Martinez, Diaz, Castell. Raseteurs gauchers\u00a0: Gibert (sort au 3e), Aliaga, Meric, S.\u00a0Ben Ammar. Tourneurs\u00a0: Sabde, Joseph, Artal, Castel.<\/strong><strong\/><\/p>\n<p>Cet apr\u00e8s-midi en souvenir d&rsquo;Elise Vallier et de la famille Vidal avait agr\u00e9ablement d\u00e9but\u00e9 par 2 taureaux pour l&rsquo;\u00e9cole de <a href=\"https:\/\/www.laprovence.com\/article\/region\/4084961174915814\/cocarde-dor-les-raseteurs-zekraoui-et-chekhade-celebres-a-arles\" target=\"_blank\" rel=\"nofollow noopener\">raseteurs<\/a> villeneuvoise. C&rsquo;\u00e9tait sans compter sur l&rsquo;orage qui a \u00e9court\u00e9 ce <a href=\"https:\/\/www.laprovence.com\/article\/sortie-loisirs\/7413835298293114\/course-camarguaise-les-trophees-du-jour-pour-kais-oufkir-et-lairan-lou-pantai-a-lunel-viel-avenir\" target=\"_blank\" rel=\"nofollow noopener\">concours<\/a> de manades 6 minutes apr\u00e8s la sortie de Vargas.<\/p>\n<p><strong>CLAUDIUS (Saumade, N.716).- <\/strong>Il riposte cornes point\u00e9es d\u00e8s l&rsquo;entame. Aux ficelles, plac\u00e9 ou d\u00e9coll\u00e9, il honore des s\u00e9ries \u00e0 son rythme. Il peut pousser derri\u00e8re les droitiers et gratifier de quelques actions aux planches (Briand-Sastre). Retour en silence avec les ficelles.<\/p>\n<p><strong>TITO (Chaballier, N.836).-<\/strong> Sans refuser les invites, il se dresse derri\u00e8re Diaz. Il se livre avec bravoure pour d\u00e9fendre ses attributs. Plac\u00e9, il r\u00e9pond avec virulence jusqu&rsquo;aux bois et accroche Gibert (sans mal). Les rasets s&rsquo;encha\u00eenent pour le gain des ficelles. 4 Carmen +\u00a0retour.<\/p>\n<p><strong>LUGUS (Le Ch\u00eane Blanc, N.724).-<\/strong> Rapide, il chasse les hommes et anticipe les mouvements. Il traverse la piste avec Gibert, main sur le frontal mais \u00e0 la r\u00e9ception, le jeune raseteur se blesse. Puis les anticipations (Aliaga, M\u00e9ric) et les finitions (Briand-Sastre, Diaz) se multiplient. S&rsquo;il est compliqu\u00e9 dans son approche, les hommes s&rsquo;enhardissent pour un final remarqu\u00e9. Rentre ses ficelles en musique +\u00a05.<\/p>\n<p><strong>ARTHEMIS (Cavallini, N.750).-<\/strong> Vaillant, il poursuit jusqu&rsquo;aux planches avec force. Ses ripostes sont franches et il c\u00e8de cocarde et glands \u00e0 la 6e mn. Parfois d\u00e9cal\u00e9, il honore tous les rasets bien consentis, puis plac\u00e9, il vient fort sur Castell et anticipe M\u00e9ric oblig\u00e9 de rompre. Les primes montent mais il ne l\u00e2che rien et se bat jusqu&rsquo;au bout de son excellente prestation. Musique +\u00a06.<\/p>\n<p><strong>GRINGO (Le Joncas, N.713).-<\/strong> Belliqueux \u00e0 la rencontre, il va multiplier les allers-retours en contre-piste. Il se montre volontaire avec du r\u00e9pondant (Diaz, Castell). Aux ficelles, il s&rsquo;impatiente et suit les hommes qui le sollicitent (Diaz, Aliaga) avec panache et rythme. Il a bien g\u00e9r\u00e9 sa course, m\u00eame s&rsquo;il a manqu\u00e9 de travail. Rentre ses ficelles avec les honneurs +\u00a03.<\/p>\n<p><strong>VARGAS (Saint-L\u00e9onard, N.925).- <\/strong>Des aptitudes int\u00e9ressantes avec des actions frappantes sur Diaz et S. Martinez. \u00c0 l&rsquo;approche de la pluie, la course est d\u00e9finitivement arr\u00eat\u00e9e et Vargas rentre en musique +\u00a03 en ayant c\u00e9d\u00e9 1 coupe et 1 gland.<\/p>\n<p>Troph\u00e9e de l&rsquo;Avenir\u00a0: Diaz (9), Briand-Sastre (2). Troph\u00e9e Honneur\u00a0: S.\u00a0Martinez (15), Castell (5), S.\u00a0Ben Ammar (3).<\/p>\n","protected":false},"excerpt":{"rendered":"Entr\u00e9e\u00a0: \u00be d&rsquo;ar\u00e8ne. Organisation\u00a0: Section taurine Villeneuvoise. Pr\u00e9sidence\u00a0: Bruno S\u00e9guier Raseteurs droitiers\u00a0: Briand-Sastre (sort au 4e), S.Martinez, Diaz,&hellip;\n","protected":false},"author":2,"featured_media":247789,"comment_status":"","ping_status":"","sticky":false,"template":"","format":"standard","meta":{"footnotes":""},"categories":[9599],"tags":[17,1111,11,38817,38818,1446,28936,9487,1777,674,1011,27,2208,12,2680,20185,16,25,38819],"class_list":{"0":"post-247788","1":"post","2":"type-post","3":"status-publish","4":"format-standard","5":"has-post-thumbnail","7":"category-montpellier","8":"tag-17","9":"tag-actu","10":"tag-actualites","11":"tag-arthemis","12":"tag-brillent","13":"tag-dans","14":"tag-diaz","15":"tag-ensemble","16":"tag-eu","17":"tag-europe","18":"tag-fr","19":"tag-france","20":"tag-montpellier","21":"tag-news","22":"tag-occitanie","23":"tag-qualite","24":"tag-region","25":"tag-republique-francaise","26":"tag-villeneuve-les-maguelone"},"share_on_mastodon":{"url":"https:\/\/pubeurope.com\/@fr\/114847560742514295","error":""},"_links":{"self":[{"href":"https:\/\/www.europesays.com\/fr\/wp-json\/wp\/v2\/posts\/247788","targetHints":{"allow":["GET"]}}],"collection":[{"href":"https:\/\/www.europesays.com\/fr\/wp-json\/wp\/v2\/posts"}],"about":[{"href":"https:\/\/www.europesays.com\/fr\/wp-json\/wp\/v2\/types\/post"}],"author":[{"embeddable":true,"href":"https:\/\/www.europesays.com\/fr\/wp-json\/wp\/v2\/users\/2"}],"replies":[{"embeddable":true,"href":"https:\/\/www.europesays.com\/fr\/wp-json\/wp\/v2\/comments?post=247788"}],"version-history":[{"count":0,"href":"https:\/\/www.europesays.com\/fr\/wp-json\/wp\/v2\/posts\/247788\/revisions"}],"wp:featuredmedia":[{"embeddable":true,"href":"https:\/\/www.europesays.com\/fr\/wp-json\/wp\/v2\/media\/247789"}],"wp:attachment":[{"href":"https:\/\/www.europesays.com\/fr\/wp-json\/wp\/v2\/media?parent=247788"}],"wp:term":[{"taxonomy":"category","embeddable":true,"href":"https:\/\/www.europesays.com\/fr\/wp-json\/wp\/v2\/categories?post=247788"},{"taxonomy":"post_tag","embeddable":true,"href":"https:\/\/www.europesays.com\/fr\/wp-json\/wp\/v2\/tags?post=247788"}],"curies":[{"name":"wp","href":"https:\/\/api.w.org\/{rel}","templated":true}]}}