{"id":247794,"date":"2025-07-13T19:26:10","date_gmt":"2025-07-13T19:26:10","guid":{"rendered":"https:\/\/www.europesays.com\/fr\/247794\/"},"modified":"2025-07-13T19:26:10","modified_gmt":"2025-07-13T19:26:10","slug":"un-sans-faute-pour-le-vc-rouen","status":"publish","type":"post","link":"https:\/\/www.europesays.com\/fr\/247794\/","title":{"rendered":"un sans-faute pour le VC Rouen"},"content":{"rendered":"<p>Avec deux coureurs \u00e0 une seconde (Huck et Lesueur) du leader Maxime Vezie, le VC Rouen ne comptait pas s\u2019\u00e9lancer de\u00a0Saint-G\u00e9n\u00e9roux sans maillot jaune, lundi 14\u00a0juillet. Pour cela, les coureurs normands se sont fait mal, samedi, sur les routes de <a target=\"_self\" href=\"https:\/\/www.lanouvellerepublique.fr\/deux-sevres\/commune\/chauray\/tour-des-deux-sevres-a-100-metres-de-la-maison-une-deuxieme-etape-speciale-pour-charly-raby-1752325491\" rel=\"noopener\">G\u00e2tine<\/a>, d\u00e8s le d\u00e9but de l\u2019\u00e9tape. \u00ab\u00a0On voulait mettre Jean-Louis (Le Ny) et Cl\u00e9ment (Petit) dans l\u2019\u00e9chapp\u00e9e pour ne pas avoir \u00e0 rouler et laisser travailler les autres. On voulait passer \u00e0 l\u2019action sur le circuit final et c\u2019est exactement ce que l\u2019on a fait\u00a0\u00bb, r\u00e9sume Jean-Philippe Yon, un directeur sportif r\u00e9aliste \u00e0 l\u2019arriv\u00e9e \u00e0 Gourg\u00e9&#8230;. <\/p>\n<p>    Cet article a \u00e9t\u00e9 tronqu\u00e9. Abonnez-vous pour lire l&rsquo;article complet sur notre site.<\/p>\n<p style=\"margin: 0 !important; padding: 0 !important; font-size: 12px !important;\">Cet article a \u00e9t\u00e9 tronqu\u00e9. Abonnez-vous pour lire l&rsquo;article complet.<\/p>\n<p>    <a href=\"https:\/\/www.lanouvellerepublique.fr\/abonnements\" style=\"display: inline-block; margin-top: 5px !important; padding: 6px 12px !important; background: #cb1c27; color: white; text-decoration: none; border-radius: 4px; font-size: 12px !important;\" target=\"_blank\" rel=\"noopener\"><br \/>\n      S&rsquo;abonner<br \/>\n    <\/a><\/p>\n","protected":false},"excerpt":{"rendered":"Avec deux coureurs \u00e0 une seconde (Huck et Lesueur) du leader Maxime Vezie, le VC Rouen ne comptait&hellip;\n","protected":false},"author":2,"featured_media":247795,"comment_status":"","ping_status":"","sticky":false,"template":"","format":"standard","meta":{"footnotes":""},"categories":[9587],"tags":[1392,1111,11,207,2545,1777,674,1011,27,38820,38821,12,5161,25,9590,60],"class_list":{"0":"post-247794","1":"post","2":"type-post","3":"status-publish","4":"format-standard","5":"has-post-thumbnail","7":"category-rouen","8":"tag-a-la-une-local","9":"tag-actu","10":"tag-actualites","11":"tag-cyclisme","12":"tag-deux-sevres","13":"tag-eu","14":"tag-europe","15":"tag-fr","16":"tag-france","17":"tag-gourge","18":"tag-mazieres-en-gatine","19":"tag-news","20":"tag-normandie","21":"tag-republique-francaise","22":"tag-rouen","23":"tag-sports"},"share_on_mastodon":{"url":"https:\/\/pubeurope.com\/@fr\/114847572490644713","error":""},"_links":{"self":[{"href":"https:\/\/www.europesays.com\/fr\/wp-json\/wp\/v2\/posts\/247794","targetHints":{"allow":["GET"]}}],"collection":[{"href":"https:\/\/www.europesays.com\/fr\/wp-json\/wp\/v2\/posts"}],"about":[{"href":"https:\/\/www.europesays.com\/fr\/wp-json\/wp\/v2\/types\/post"}],"author":[{"embeddable":true,"href":"https:\/\/www.europesays.com\/fr\/wp-json\/wp\/v2\/users\/2"}],"replies":[{"embeddable":true,"href":"https:\/\/www.europesays.com\/fr\/wp-json\/wp\/v2\/comments?post=247794"}],"version-history":[{"count":0,"href":"https:\/\/www.europesays.com\/fr\/wp-json\/wp\/v2\/posts\/247794\/revisions"}],"wp:featuredmedia":[{"embeddable":true,"href":"https:\/\/www.europesays.com\/fr\/wp-json\/wp\/v2\/media\/247795"}],"wp:attachment":[{"href":"https:\/\/www.europesays.com\/fr\/wp-json\/wp\/v2\/media?parent=247794"}],"wp:term":[{"taxonomy":"category","embeddable":true,"href":"https:\/\/www.europesays.com\/fr\/wp-json\/wp\/v2\/categories?post=247794"},{"taxonomy":"post_tag","embeddable":true,"href":"https:\/\/www.europesays.com\/fr\/wp-json\/wp\/v2\/tags?post=247794"}],"curies":[{"name":"wp","href":"https:\/\/api.w.org\/{rel}","templated":true}]}}