{"id":247800,"date":"2025-07-13T19:29:39","date_gmt":"2025-07-13T19:29:39","guid":{"rendered":"https:\/\/www.europesays.com\/fr\/247800\/"},"modified":"2025-07-13T19:29:39","modified_gmt":"2025-07-13T19:29:39","slug":"lille-et-vilaine-placee-en-alerte-secheresse-la-prefecture-prend-des-mesures-drastiques-pour-economiser-leau","status":"publish","type":"post","link":"https:\/\/www.europesays.com\/fr\/247800\/","title":{"rendered":"L\u2019Ille-et-Vilaine plac\u00e9e en alerte s\u00e9cheresse\u00a0: la pr\u00e9fecture prend des mesures drastiques pour \u00e9conomiser l\u2019eau"},"content":{"rendered":"<p>En <a href=\"https:\/\/www.letelegramme.fr\/ille-et-vilaine\/rennes-35000\/la-vigilance-secheresse-declenchee-en-ille-et-vilaine-ce-que-ca-change-6837533.php\" target=\"_blank\" rel=\"nofollow noopener\">vigilance s\u00e9cheresse<\/a> depuis le 13 juin 2025, l\u2019Ille-et-Vilaine a \u00e9t\u00e9 ce, vendredi 11 juillet, plac\u00e9e en alerte s\u00e9cheresse par le pr\u00e9fet de Bretagne Amaury De Saint-Quentin. Depuis juin, \u00ab la situation s\u2019aggrave malgr\u00e9 quelques orages tr\u00e8s localis\u00e9s \u00bb, d\u00e9plore la pr\u00e9fecture d\u2019Ille-et-Vilaine dans un communiqu\u00e9.<\/p>\n<p>Le niveau des barrages en dessous de la cote d\u2019alerte<\/p>\n<p>Un manque de pluie qui a des cons\u00e9quences n\u00e9fastes sur les cours d\u2019eau. \u00ab Apr\u00e8s la canicule de juin dernier, les pr\u00e9visions m\u00e9t\u00e9orologiques annoncent une quinzaine s\u00e8che et chaude augurant ainsi une d\u00e9gradation de l\u2019\u00e9tat des ressources en eau (cours d\u2019eau, nappes, r\u00e9serves en eau des barrages) et une aggravation de la s\u00e9cheresse des sols. Les d\u00e9bits des cours d\u2019eau sont en baisse rapide dans l\u2019ensemble du d\u00e9partement. Dans le nord, le niveau des barrages destin\u00e9s \u00e0 produire de l\u2019eau potable se situe en dessous de la cote d\u2019alerte et on se rapproche d\u2019une situation analogue \u00e0 l\u2019est du d\u00e9partement. \u00bb<\/p>\n<p>Irrigation agricole et arrosage des jardins interdits<\/p>\n<p>Dans son arr\u00eat\u00e9, le pr\u00e9fet a donc pris une s\u00e9rie de mesures destin\u00e9es \u00e0 \u00e9conomiser les ressources en eau. Parmi elle, l\u2019irrigation agricole est donc interdite dans tout le d\u00e9partement \u00e0 compter de ce vendredi 11 juillet, de m\u00eame que l\u2019arrosage des jardins, des espaces verts et des terrains de sport, la vidange et le remplissage des piscines familiales et collectives priv\u00e9es, le nettoyage des fa\u00e7ades, terrasses, v\u00e9hicules dont les bateaux, l\u2019utilisation de l\u2019eau potable dans les diff\u00e9rents process relatifs aux usages industriels ou encore l\u2019alimentation des fontaines d\u2019agr\u00e9ment.<\/p>\n<p>\u00ab Au-del\u00e0 des restrictions impos\u00e9es r\u00e9glementairement, tous les usagers (particuliers, collectivit\u00e9s, industriels, exploitants agricoles) sont appel\u00e9s \u00e0 r\u00e9duire de mani\u00e8re volontaire leurs consommations en eau, quelle que soit son origine (r\u00e9seau public d\u2019eau potable, pr\u00e9l\u00e8vement dans le milieu naturel\u2026) \u00bb, pr\u00e9cise la pr\u00e9fecture.<\/p>\n","protected":false},"excerpt":{"rendered":"En vigilance s\u00e9cheresse depuis le 13 juin 2025, l\u2019Ille-et-Vilaine a \u00e9t\u00e9 ce, vendredi 11 juillet, plac\u00e9e en alerte&hellip;\n","protected":false},"author":2,"featured_media":247801,"comment_status":"","ping_status":"","sticky":false,"template":"","format":"standard","meta":{"footnotes":""},"categories":[2821],"tags":[1111,11,829,765,436,1777,674,1011,27,848,12,584,25],"class_list":{"0":"post-247800","1":"post","2":"type-post","3":"status-publish","4":"format-standard","5":"has-post-thumbnail","7":"category-rennes","8":"tag-actu","9":"tag-actualites","10":"tag-bretagne","11":"tag-en-continu","12":"tag-environnement","13":"tag-eu","14":"tag-europe","15":"tag-fr","16":"tag-france","17":"tag-ille-et-vilaine","18":"tag-news","19":"tag-rennes","20":"tag-republique-francaise"},"share_on_mastodon":{"url":"https:\/\/pubeurope.com\/@fr\/114847584352280745","error":""},"_links":{"self":[{"href":"https:\/\/www.europesays.com\/fr\/wp-json\/wp\/v2\/posts\/247800","targetHints":{"allow":["GET"]}}],"collection":[{"href":"https:\/\/www.europesays.com\/fr\/wp-json\/wp\/v2\/posts"}],"about":[{"href":"https:\/\/www.europesays.com\/fr\/wp-json\/wp\/v2\/types\/post"}],"author":[{"embeddable":true,"href":"https:\/\/www.europesays.com\/fr\/wp-json\/wp\/v2\/users\/2"}],"replies":[{"embeddable":true,"href":"https:\/\/www.europesays.com\/fr\/wp-json\/wp\/v2\/comments?post=247800"}],"version-history":[{"count":0,"href":"https:\/\/www.europesays.com\/fr\/wp-json\/wp\/v2\/posts\/247800\/revisions"}],"wp:featuredmedia":[{"embeddable":true,"href":"https:\/\/www.europesays.com\/fr\/wp-json\/wp\/v2\/media\/247801"}],"wp:attachment":[{"href":"https:\/\/www.europesays.com\/fr\/wp-json\/wp\/v2\/media?parent=247800"}],"wp:term":[{"taxonomy":"category","embeddable":true,"href":"https:\/\/www.europesays.com\/fr\/wp-json\/wp\/v2\/categories?post=247800"},{"taxonomy":"post_tag","embeddable":true,"href":"https:\/\/www.europesays.com\/fr\/wp-json\/wp\/v2\/tags?post=247800"}],"curies":[{"name":"wp","href":"https:\/\/api.w.org\/{rel}","templated":true}]}}