{"id":247803,"date":"2025-07-13T19:32:14","date_gmt":"2025-07-13T19:32:14","guid":{"rendered":"https:\/\/www.europesays.com\/fr\/247803\/"},"modified":"2025-07-13T19:32:14","modified_gmt":"2025-07-13T19:32:14","slug":"plus-de-300-personnes-defilent-depuis-la-place-de-la-republique","status":"publish","type":"post","link":"https:\/\/www.europesays.com\/fr\/247803\/","title":{"rendered":"plus de 300 personnes d\u00e9filent depuis la place de la R\u00e9publique"},"content":{"rendered":"<p>Le rendez-vous a \u00e9t\u00e9 donn\u00e9 place de la R\u00e9publique ce samedi 13 juillet \u00e0 Strasbourg. Une tribune a \u00e9t\u00e9 install\u00e9e devant le Palais du Rhin pour accueillir les autorit\u00e9s civiles, militaires et religieuses afin de c\u00e9l\u00e9brer la f\u00eate nationale, pr\u00e9sid\u00e9e par <a href=\"https:\/\/www.dna.fr\/politique\/2024\/10\/11\/qui-est-jacques-witkowski-le-nouveau-prefet-de-region\" target=\"_blank\" rel=\"noopener\">le pr\u00e9fet de r\u00e9gion Jacques Witkowski<\/a> et la maire, <a href=\"https:\/\/www.dna.fr\/p\/jeanne-barseghian\" target=\"_blank\" rel=\"noopener\">Jeanne Barseghian<\/a>, sous l\u2019autorit\u00e9 militaire du <a href=\"https:\/\/www.dna.fr\/defense-guerre-conflit\/2024\/04\/26\/mercato-estival-de-l-armee-un-nouveau-gouverneur-militaire-pour-strasbourg\" target=\"_blank\" rel=\"noopener\">g\u00e9n\u00e9ral Anthonioz<\/a> , le gouverneur militaire de Strasbourg.<\/p>\n<p>Les drapeaux sont salu\u00e9s, les troupes inspect\u00e9es, les m\u00e9dailles \u00e9pingl\u00e9es. Le d\u00e9fil\u00e9 peut commencer. Plus de 300 personnes marchent au pas, rythm\u00e9s par la fanfare du le r\u00e9giment de marche du Tchad (RMT). Il y a le 54e\u00a0 r\u00e9giment de transmissions (RT), l\u2019Eurocorps, le 291e\u00a0 J\u00e4gerbataillon, le RMT, les pompiers du Bas-Rhin et les jeunes sapeurs-pompiers (JSP), la gendarmerie, le personnel p\u00e9nitentiaire, des motards de la police nationale et municipale, des v\u00e9t\u00e9tistes aussi\u2026 Le d\u00e9fil\u00e9 se termine en beaut\u00e9. Tout le monde l\u00e8ve les yeux, attir\u00e9s par le grondement du Mirage 2000 qui d\u00e9ploie ses ailes dans le ciel strasbourgeois.<\/p>\n","protected":false},"excerpt":{"rendered":"Le rendez-vous a \u00e9t\u00e9 donn\u00e9 place de la R\u00e9publique ce samedi 13 juillet \u00e0 Strasbourg. Une tribune a&hellip;\n","protected":false},"author":2,"featured_media":247804,"comment_status":"","ping_status":"","sticky":false,"template":"","format":"standard","meta":{"footnotes":""},"categories":[2820],"tags":[1111,11,3206,2880,1777,674,107,1011,27,775,937,12,25,104,640,2879],"class_list":{"0":"post-247803","1":"post","2":"type-post","3":"status-publish","4":"format-standard","5":"has-post-thumbnail","7":"category-strasbourg","8":"tag-actu","9":"tag-actualites","10":"tag-defense-guerre-conflit","11":"tag-edition-strasbourg","12":"tag-eu","13":"tag-europe","14":"tag-fil-info","15":"tag-fr","16":"tag-france","17":"tag-grand-est","18":"tag-histoire","19":"tag-news","20":"tag-republique-francaise","21":"tag-societe","22":"tag-strasbourg","23":"tag-strasbourg-ville"},"share_on_mastodon":{"url":"https:\/\/pubeurope.com\/@fr\/114847596049691927","error":""},"_links":{"self":[{"href":"https:\/\/www.europesays.com\/fr\/wp-json\/wp\/v2\/posts\/247803","targetHints":{"allow":["GET"]}}],"collection":[{"href":"https:\/\/www.europesays.com\/fr\/wp-json\/wp\/v2\/posts"}],"about":[{"href":"https:\/\/www.europesays.com\/fr\/wp-json\/wp\/v2\/types\/post"}],"author":[{"embeddable":true,"href":"https:\/\/www.europesays.com\/fr\/wp-json\/wp\/v2\/users\/2"}],"replies":[{"embeddable":true,"href":"https:\/\/www.europesays.com\/fr\/wp-json\/wp\/v2\/comments?post=247803"}],"version-history":[{"count":0,"href":"https:\/\/www.europesays.com\/fr\/wp-json\/wp\/v2\/posts\/247803\/revisions"}],"wp:featuredmedia":[{"embeddable":true,"href":"https:\/\/www.europesays.com\/fr\/wp-json\/wp\/v2\/media\/247804"}],"wp:attachment":[{"href":"https:\/\/www.europesays.com\/fr\/wp-json\/wp\/v2\/media?parent=247803"}],"wp:term":[{"taxonomy":"category","embeddable":true,"href":"https:\/\/www.europesays.com\/fr\/wp-json\/wp\/v2\/categories?post=247803"},{"taxonomy":"post_tag","embeddable":true,"href":"https:\/\/www.europesays.com\/fr\/wp-json\/wp\/v2\/tags?post=247803"}],"curies":[{"name":"wp","href":"https:\/\/api.w.org\/{rel}","templated":true}]}}