{"id":247805,"date":"2025-07-13T19:33:15","date_gmt":"2025-07-13T19:33:15","guid":{"rendered":"https:\/\/www.europesays.com\/fr\/247805\/"},"modified":"2025-07-13T19:33:15","modified_gmt":"2025-07-13T19:33:15","slug":"je-ne-connaissais-pas-mais-pourquoi-pas-quand-la-cfdt-part-a-la-rencontre-des-saisonniers-de-saint-laurent-du-var-a-villeneuve-loubet-2","status":"publish","type":"post","link":"https:\/\/www.europesays.com\/fr\/247805\/","title":{"rendered":"\u00ab\u00a0Je ne connaissais pas\u2026 mais pourquoi pas ?\u00a0\u00bb: quand la CFDT part \u00e0 la rencontre des saisonniers de Saint-Laurent-du-Var \u00e0 Villeneuve-Loubet"},"content":{"rendered":"<p class=\"western\">Lever de rideau sur les quais de Saint-Laurent-du-Var. Il est \u00e0 peine 9h, ce matin, et les restaurants n\u2019ont pas encore dress\u00e9 leurs tables que la CFDT d\u00e9ploie d\u00e9j\u00e0 ses flyers, livrets d\u2019information et sourires bienveillants. Objectif de cette tourn\u00e9e : <strong>aller \u00e0 la rencontre des saisonniers<\/strong>, leur rappeler qu\u2019ils ont des droits, et surtout, qu\u2019ils ne sont pas seuls.<\/p>\n<p class=\"western\">\u00ab Le but, c\u2019est d\u2019aller \u00e0 leur rencontre sur leur lieu de travail, avant le service quand il s\u2019agit de restaurants par exemple, pour ne pas les g\u00eaner, et les informer sur les outils pour mieux comprendre leurs contrats, leurs horaires, leurs droits \u00bb, explique Flore Mollet, secr\u00e9taire g\u00e9n\u00e9rale CFDT des Alpes-Maritimes. Dans le kit distribu\u00e9 : un fascicule bourr\u00e9 d\u2019infos pratiques, des contacts utiles, mais aussi <strong>une application<\/strong>, baptis\u00e9e \u00ab\u00a0Ma Saison\u00a0\u00bb, pour comptabiliser ses heures ou suivre ses droits \u00e0 la fin de son contrat. \u00ab L\u2019application peut aussi servir de base si jamais il y a un litige avec l\u2019employeur. On peut intervenir en m\u00e9diateurs \u00bb, poursuit-elle.<\/p>\n<p class=\"western\">Le logement, probl\u00e9matique centrale<\/p>\n<p class=\"western\">Le parcours du jour, <strong>lanc\u00e9 \u00e0 Saint-Laurent-du-Var<\/strong>, a conduit l\u2019\u00e9quipe <strong>jusqu\u2019\u00e0 Marina Baie des Anges, en passant par Cagnes-sur-mer<\/strong>. \u00ab On est g\u00e9n\u00e9ralement bien accueillis, m\u00eame si les \u00e9changes sont parfois courts\u00a0\u00bb, confie Sandrine Zammit, repr\u00e9sentante PACA pour les TPE et saisonniers. \u00ab\u00a0Ce qui revient souvent, ce sont les gal\u00e8res de logement. Dans les Hautes-Alpes, un saisonnier nous a m\u00eame dit dormir dans son camion \u00bb.<\/p>\n<p class=\"western\">Une vingtaine d\u2019ann\u00e9es que ce tour de France des saisonniers existe. Et s\u2019il y a encore du pain sur la planche, les mentalit\u00e9s \u00e9voluent. \u00ab Certains restaurateurs nous disent qu\u2019ils embauchent plus t\u00f4t, d\u00e8s mai, pour fid\u00e9liser et former. Il y a un vrai enjeu de stabilit\u00e9 \u00bb, observe Sandrine Zammit. Roland, lui, est saisonnier au Paradis Marin, sur le port de Saint-Laurent-du-Var. Curieux, il repart avec le livret en main : \u00ab Je ne serais pas venu de moi-m\u00eame, je ne connaissais pas\u2026 mais pourquoi pas ? Je vais voir, je vais tester l\u2019appli \u00bb. Mission accomplie.<\/p>\n","protected":false},"excerpt":{"rendered":"Lever de rideau sur les quais de Saint-Laurent-du-Var. Il est \u00e0 peine 9h, ce matin, et les restaurants&hellip;\n","protected":false},"author":2,"featured_media":240205,"comment_status":"","ping_status":"","sticky":false,"template":"","format":"standard","meta":{"footnotes":""},"categories":[2819],"tags":[1111,11,341,1777,674,1011,27,12,2401,882,25],"class_list":{"0":"post-247805","1":"post","2":"type-post","3":"status-publish","4":"format-standard","5":"has-post-thumbnail","7":"category-nice","8":"tag-actu","9":"tag-actualites","10":"tag-emploi","11":"tag-eu","12":"tag-europe","13":"tag-fr","14":"tag-france","15":"tag-news","16":"tag-nice","17":"tag-provence-alpes-cote-dazur","18":"tag-republique-francaise"},"share_on_mastodon":{"url":"https:\/\/pubeurope.com\/@fr\/114847600061501932","error":""},"_links":{"self":[{"href":"https:\/\/www.europesays.com\/fr\/wp-json\/wp\/v2\/posts\/247805","targetHints":{"allow":["GET"]}}],"collection":[{"href":"https:\/\/www.europesays.com\/fr\/wp-json\/wp\/v2\/posts"}],"about":[{"href":"https:\/\/www.europesays.com\/fr\/wp-json\/wp\/v2\/types\/post"}],"author":[{"embeddable":true,"href":"https:\/\/www.europesays.com\/fr\/wp-json\/wp\/v2\/users\/2"}],"replies":[{"embeddable":true,"href":"https:\/\/www.europesays.com\/fr\/wp-json\/wp\/v2\/comments?post=247805"}],"version-history":[{"count":0,"href":"https:\/\/www.europesays.com\/fr\/wp-json\/wp\/v2\/posts\/247805\/revisions"}],"wp:featuredmedia":[{"embeddable":true,"href":"https:\/\/www.europesays.com\/fr\/wp-json\/wp\/v2\/media\/240205"}],"wp:attachment":[{"href":"https:\/\/www.europesays.com\/fr\/wp-json\/wp\/v2\/media?parent=247805"}],"wp:term":[{"taxonomy":"category","embeddable":true,"href":"https:\/\/www.europesays.com\/fr\/wp-json\/wp\/v2\/categories?post=247805"},{"taxonomy":"post_tag","embeddable":true,"href":"https:\/\/www.europesays.com\/fr\/wp-json\/wp\/v2\/tags?post=247805"}],"curies":[{"name":"wp","href":"https:\/\/api.w.org\/{rel}","templated":true}]}}