{"id":247807,"date":"2025-07-13T19:35:12","date_gmt":"2025-07-13T19:35:12","guid":{"rendered":"https:\/\/www.europesays.com\/fr\/247807\/"},"modified":"2025-07-13T19:35:12","modified_gmt":"2025-07-13T19:35:12","slug":"une-nouvelle-maison-daccueil-de-jour-a-nantes","status":"publish","type":"post","link":"https:\/\/www.europesays.com\/fr\/247807\/","title":{"rendered":"Une nouvelle maison d\u2019accueil de jour \u00e0 Nantes"},"content":{"rendered":"<p>Ouverte depuis le 16\u00a0juin, la nouvelle maison d\u2019accueil de jour Fran\u00e7oise-Seligmann, du nom de la journaliste et r\u00e9sistante, a \u00e9t\u00e9 inaugur\u00e9e lundi 7\u00a0juillet. Elle a ouvert ses portes, quartier Malakoff Saint-Donatien, au 4, rue Francisco-Ferrer, \u00e0 proximit\u00e9 de l\u2019ancien accueil de jour, qui n\u2019\u00e9tait plus adapt\u00e9 aux besoins. La\u00a0ville de Nantes a donc d\u00e9cid\u00e9 de construire un nouveau\u00a0b\u00e2timent de 300\u00a0m\u00b2 sur le terrain contigu, r\u00e9parti sur\u00a0deux niveaux, avec un jardin attenant de 400\u00a0m\u00b2, qui\u00a0permet d\u2019accueillir dans de meilleures conditions les\u00a0usag\u00e8res et usagers et de leur proposer davantage de\u00a0services. Le lieu permet aussi d\u2019am\u00e9liorer les\u00a0conditions de travail, et donc d\u2019accompagnement, des\u00a0salari\u00e9s de l\u2019Anef-Ferrer, qui g\u00e8re la maison d\u2019accueil de jour.<\/p>\n<p>Sur place, les personnes accueillies peuvent\u00a0b\u00e9n\u00e9ficier d\u2019un moment de r\u00e9pit, boire un caf\u00e9, de services de sant\u00e9 avec des rendez-vous avec une infirmi\u00e8re, d\u2019ateliers collectifs\u2026 Ils peuvent aussi b\u00e9n\u00e9ficier d\u2019un accueil et d\u2019un accompagnement social avec les professionnels et les travailleurs sociaux.<\/p>\n<p><strong>\u00ab\u00a0Nantes est engag\u00e9e de longue date en faveur des\u00a0solidarit\u00e9s. Ainsi, depuis 2020, nous avons profond\u00e9ment am\u00e9lior\u00e9 et agrandi le r\u00e9seau d\u2019accueils de\u00a0jour avec les ouvertures de <a href=\"https:\/\/nantes.maville.com\/actu\/actudet_-nantes.-a-l-espace-varda-c-est-calme-et-on-est-bien-recu-_8-5237290_actu.Htm\" target=\"_self\" rel=\"noopener\">l\u2019espace Agn\u00e8s Varda<\/a>, des 5\u00a0Ponts avec Les Eaux Vives Emma\u00fcs, de\u00a0l\u2019accueil de jour Familles et du r\u00e9seau d\u2019accueil de jour jeunes migrants,<\/strong> rappelle Johanna Rolland, la maire de Nantes. <strong>Cet engagement, aux c\u00f4t\u00e9s\u00a0des acteurs associatifs, permet d\u2019offrir un maillage dense d\u2019\u00e9quipements \u00e0 destination des personnes\u00a0qui, \u00e0 un moment de leur vie, ont besoin d\u2019une main tendue\u00a0\u00bb<\/strong><\/p>\n<p>Pourquoi le nom de Fran\u00e7oise-Seligmann\u00a0?<\/p>\n<p>Une votation citoyenne a \u00e9t\u00e9 propos\u00e9e aux Nantaises et aux Nantais entre le 14 et le 31\u00a0octobre 2024 pour choisir le nom de cette nouvelle maison d\u2019accueil. Ils avaient le choix entre trois personnalit\u00e9s qui ont marqu\u00e9 l\u2019histoire et le monde politique, au parcours exceptionnel et fortement engag\u00e9es en faveur des plus d\u00e9munis\u00a0: l\u2019activiste Marie-Jeanne Bassot, la militante Christine Brisset et la r\u00e9sistante Fran\u00e7oise Seligmann. Sur les 344\u00a0votes comptabilis\u00e9s, c\u2019est le nom de Fran\u00e7oise Seligmann qui a \u00e9t\u00e9 retenu, avec une majorit\u00e9 de 131\u00a0votes.<\/p>\n<p>Journaliste, femme politique, militante f\u00e9ministe et des droits de l\u2019homme, Fran\u00e7oise Seligmann, n\u00e9e en 1919, est entr\u00e9e dans la R\u00e9sistance d\u00e8s d\u00e9cembre\u00a01941.\u00a0Apr\u00e8s la guerre, elle fonde, en 1946, La Fran\u00e7aise, un journal f\u00e9ministe. Elle s\u2019est engag\u00e9e dans la lutte contre la guerre d\u2019Indochine, a adh\u00e9r\u00e9 \u00e0 la Ligue des Droits de l\u2019Homme en 1949\u2026 En 2006, elle a\u00a0cr\u00e9\u00e9 la Fondation Seligmann, d\u00e9di\u00e9e au vivre\u00a0ensemble et \u00e0 la lutte contre le racisme.<\/p>\n<p>\u00a0<\/p>\n","protected":false},"excerpt":{"rendered":"Ouverte depuis le 16\u00a0juin, la nouvelle maison d\u2019accueil de jour Fran\u00e7oise-Seligmann, du nom de la journaliste et r\u00e9sistante,&hellip;\n","protected":false},"author":2,"featured_media":247808,"comment_status":"","ping_status":"","sticky":false,"template":"","format":"standard","meta":{"footnotes":""},"categories":[2818],"tags":[14073,1111,11,1777,674,1011,27,4432,2142,766,12,2043,2636,25],"class_list":{"0":"post-247807","1":"post","2":"type-post","3":"status-publish","4":"format-standard","5":"has-post-thumbnail","7":"category-nantes","8":"tag-accueil","9":"tag-actu","10":"tag-actualites","11":"tag-eu","12":"tag-europe","13":"tag-fr","14":"tag-france","15":"tag-jour","16":"tag-maison","17":"tag-nantes","18":"tag-news","19":"tag-nouvelle","20":"tag-pays-de-la-loire","21":"tag-republique-francaise"},"share_on_mastodon":{"url":"https:\/\/pubeurope.com\/@fr\/114847607934166130","error":""},"_links":{"self":[{"href":"https:\/\/www.europesays.com\/fr\/wp-json\/wp\/v2\/posts\/247807","targetHints":{"allow":["GET"]}}],"collection":[{"href":"https:\/\/www.europesays.com\/fr\/wp-json\/wp\/v2\/posts"}],"about":[{"href":"https:\/\/www.europesays.com\/fr\/wp-json\/wp\/v2\/types\/post"}],"author":[{"embeddable":true,"href":"https:\/\/www.europesays.com\/fr\/wp-json\/wp\/v2\/users\/2"}],"replies":[{"embeddable":true,"href":"https:\/\/www.europesays.com\/fr\/wp-json\/wp\/v2\/comments?post=247807"}],"version-history":[{"count":0,"href":"https:\/\/www.europesays.com\/fr\/wp-json\/wp\/v2\/posts\/247807\/revisions"}],"wp:featuredmedia":[{"embeddable":true,"href":"https:\/\/www.europesays.com\/fr\/wp-json\/wp\/v2\/media\/247808"}],"wp:attachment":[{"href":"https:\/\/www.europesays.com\/fr\/wp-json\/wp\/v2\/media?parent=247807"}],"wp:term":[{"taxonomy":"category","embeddable":true,"href":"https:\/\/www.europesays.com\/fr\/wp-json\/wp\/v2\/categories?post=247807"},{"taxonomy":"post_tag","embeddable":true,"href":"https:\/\/www.europesays.com\/fr\/wp-json\/wp\/v2\/tags?post=247807"}],"curies":[{"name":"wp","href":"https:\/\/api.w.org\/{rel}","templated":true}]}}